{"id":2820,"date":"2025-01-11T17:06:41","date_gmt":"2025-01-11T17:06:41","guid":{"rendered":"https:\/\/haberbesiktas.tr\/?p=2820"},"modified":"2025-01-11T17:06:41","modified_gmt":"2025-01-11T17:06:41","slug":"yurume-yetisini-kazanmak-icin-yaptigi-yuzmede-3-oldu","status":"publish","type":"post","link":"https:\/\/haberbesiktas.tr\/?p=2820","title":{"rendered":"Y\u00fcr\u00fcme yetisini kazanmak i\u00e7in yapt\u0131\u011f\u0131 y\u00fczmede 3. oldu"},"content":{"rendered":"<p>Tekirda\u011f&#8217;da ya\u015fayan 43 ya\u015f\u0131ndaki Sad\u0131k Alt\u0131nta\u015f, 4 y\u0131l evvel ge\u00e7irdi\u011fi i\u015f kazas\u0131 sonras\u0131 kaybetti\u011fi y\u00fcr\u00fcme yetisini k\u0131smen geri kazanmas\u0131n\u0131 sa\u011flayan y\u00fczmede T\u00fcrkiye \u00fc\u00e7\u00fcnc\u00fcs\u00fc oldu.<\/p>\n<p> Edirne&#8217;de 5 y\u0131l evvel teknisyen olarak \u00e7al\u0131\u015ft\u0131\u011f\u0131 i\u015f yerinde makine kesiminin omurili\u011finin \u00fczerine d\u00fc\u015fmesiyle yaralanarak y\u00fcr\u00fcme yetisini yitiren Alt\u0131nta\u015f, tekrar ad\u0131m atabilmek i\u00e7in y\u00fczmeye ba\u015flad\u0131.<\/p>\n<p> Y\u00fczme sayesinde kaslar\u0131n\u0131n geli\u015fmesiyle y\u00fcr\u00fcte\u00e7 yard\u0131m\u0131yla ad\u0131m atmaya ba\u015flayan Alt\u0131nta\u015f, antren\u00f6r\u00fc An\u0131l Bulut&#8217;un tavsiyesi \u00fczerine bedensel engelliler i\u00e7in d\u00fczenlenen m\u00fcsabakalara kat\u0131lmaya karar verdi.<\/p>\n<p> Alt\u0131nta\u015f, ge\u00e7en ay Gaziantep&#8217;te d\u00fczenlenen Para Y\u00fczme ve Deaf Y\u00fczme Ulusal Kadro Se\u00e7meleri Vize Yar\u0131\u015flar\u0131nda \u00fc\u00e7\u00fcnc\u00fc olma muvaffakiyetini g\u00f6sterdi.<\/p>\n<p> <strong>&#8220;\u0130lk kat\u0131ld\u0131\u011f\u0131m\u0131z m\u00fcsabakada \u00e7ok bir muvaffakiyet beklemedik a\u00e7\u0131k\u00e7as\u0131&#8221;<\/strong><\/p>\n<p> Alt\u0131nta\u015f, AA muhabirine, birinci kere kat\u0131ld\u0131\u011f\u0131 yar\u0131\u015flarda \u00fc\u00e7\u00fcnc\u00fc olman\u0131n gurur verici oldu\u011funu s\u00f6yledi.<\/p>\n<p> Y\u00fczmenin hayat\u0131nda bir\u00e7ok \u015feyi de\u011fi\u015ftirdi\u011fini s\u00f6z eden Alt\u0131nta\u015f, &#8220;G\u00fczel bir derece ald\u0131\u011f\u0131m i\u00e7in memnunum. \u0130n\u015fallah daha yeterli dereceler almak i\u00e7in bundan sonra da \u00e7abaya devam edece\u011fim. Birinci tecr\u00fcbemiz oldu\u011fu i\u00e7in biraz heyecanl\u0131yd\u0131k, stresliydik. Birinci kat\u0131ld\u0131\u011f\u0131m\u0131z m\u00fcsabakada \u00e7ok bir muvaffakiyet beklemedik a\u00e7\u0131k\u00e7as\u0131. Bizim i\u00e7in s\u00fcrpriz oldu. Zira d\u00fczg\u00fcn bir formda haz\u0131rlanamad\u0131k lakin ona kar\u015f\u0131n ba\u015far\u0131l\u0131 olduk. Bundan sonra daha d\u00fczg\u00fcn haz\u0131rlan\u0131p daha uygun dereceler almay\u0131 d\u00fc\u015f\u00fcn\u00fcyorum.&#8221; diye konu\u015ftu.<\/p>\n<p> Antren\u00f6r An\u0131l Bulut da Sad\u0131k Alt\u0131nta\u015f&#8217;\u0131n y\u00fczmenin insan\u0131n hayat\u0131n\u0131 nas\u0131l de\u011fi\u015ftirdi\u011fini herkese g\u00f6sterdi\u011fini lisana getirdi. Y\u00fczmede Sad\u0131k Alt\u0131nta\u015f&#8217;\u0131n ho\u015f ba\u015far\u0131lara imza atmaya devam edebilece\u011fini belirten Bulut, \u015funlar\u0131 s\u00f6yledi:<\/p>\n<p> &#8220;\u00c7ok uzun bir haz\u0131rl\u0131k s\u00fcrecimiz olmad\u0131\u011f\u0131 i\u00e7in yar\u0131\u015flarda derece beklemiyorduk. 50 metre \u00f6zg\u00fcrde T\u00fcrkiye \u00fc\u00e7\u00fcnc\u00fcl\u00fc\u011f\u00fc ald\u0131k. \u00c7ok ba\u015far\u0131l\u0131yd\u0131, kendisini kutluyorum. F\u0131rsat verdi\u011fimizde engelli bireylerimize, \u00e7ocuklar\u0131m\u0131za mutlaka muvaffakiyet sa\u011flayacaklar\u0131m\u0131 d\u00fc\u015f\u00fcn\u00fcyorum.&#8221;<\/p>\n","protected":false},"excerpt":{"rendered":"<p>Sad\u0131k Alt\u0131nta\u015f, 4 y\u0131l evvel ge\u00e7irdi\u011fi i\u015f kazas\u0131 sonras\u0131 kaybetti\u011fi y\u00fcr\u00fcme yetisini k\u0131smen geri kazanmas\u0131n\u0131 sa\u011flayan y\u00fczmede T\u00fcrkiye \u00fc\u00e7\u00fcnc\u00fcs\u00fc oldu.<\/p>\n","protected":false},"author":1,"featured_media":2821,"comment_status":"open","ping_status":"open","sticky":false,"template":"","format":"standard","meta":{"footnotes":""},"categories":[27],"tags":[332,279,199],"class_list":["post-2820","post","type-post","status-publish","format-standard","has-post-thumbnail","hentry","category-guncel-haberler","tag-altintas","tag-basari","tag-yuzme"],"_links":{"self":[{"href":"https:\/\/haberbesiktas.tr\/index.php?rest_route=\/wp\/v2\/posts\/2820","targetHints":{"allow":["GET"]}}],"collection":[{"href":"https:\/\/haberbesiktas.tr\/index.php?rest_route=\/wp\/v2\/posts"}],"about":[{"href":"https:\/\/haberbesiktas.tr\/index.php?rest_route=\/wp\/v2\/types\/post"}],"author":[{"embeddable":true,"href":"https:\/\/haberbesiktas.tr\/index.php?rest_route=\/wp\/v2\/users\/1"}],"replies":[{"embeddable":true,"href":"https:\/\/haberbesiktas.tr\/index.php?rest_route=%2Fwp%2Fv2%2Fcomments&post=2820"}],"version-history":[{"count":1,"href":"https:\/\/haberbesiktas.tr\/index.php?rest_route=\/wp\/v2\/posts\/2820\/revisions"}],"predecessor-version":[{"id":2822,"href":"https:\/\/haberbesiktas.tr\/index.php?rest_route=\/wp\/v2\/posts\/2820\/revisions\/2822"}],"wp:featuredmedia":[{"embeddable":true,"href":"https:\/\/haberbesiktas.tr\/index.php?rest_route=\/wp\/v2\/media\/2821"}],"wp:attachment":[{"href":"https:\/\/haberbesiktas.tr\/index.php?rest_route=%2Fwp%2Fv2%2Fmedia&parent=2820"}],"wp:term":[{"taxonomy":"category","embeddable":true,"href":"https:\/\/haberbesiktas.tr\/index.php?rest_route=%2Fwp%2Fv2%2Fcategories&post=2820"},{"taxonomy":"post_tag","embeddable":true,"href":"https:\/\/haberbesiktas.tr\/index.php?rest_route=%2Fwp%2Fv2%2Ftags&post=2820"}],"curies":[{"name":"wp","href":"https:\/\/api.w.org\/{rel}","templated":true}]}}