{"id":2823,"date":"2025-01-11T17:18:46","date_gmt":"2025-01-11T17:18:46","guid":{"rendered":"https:\/\/haberbesiktas.tr\/?p=2823"},"modified":"2025-01-11T17:18:46","modified_gmt":"2025-01-11T17:18:46","slug":"enes-celik-karsiyaka-macini-900-bin-tlye-verdik","status":"publish","type":"post","link":"https:\/\/haberbesiktas.tr\/?p=2823","title":{"rendered":"Enes \u00c7elik: &#8220;Kar\u015f\u0131yaka ma\u00e7\u0131n\u0131 900 bin TL&#8217;ye verdik&#8221;"},"content":{"rendered":"<div>Ye\u015fil beyazl\u0131 grubun kamp yapt\u0131\u011f\u0131 otelde a\u00e7\u0131klamalarda bulunan Lider \u00c7elik&#8217;e Futbol \u015eube Sorumlusu Co\u015fkun Yavuz, \u0130dari Menajer Recep B\u00fclb\u00fcl, Kul\u00fcp M\u00fcd\u00fcr\u00fc H\u00fcseyin Ye\u015filkavak ve \u0130dari gruptan Furkan Ak\u0131n e\u015flik etti.<\/p>\n<p> Ekibin son durumuyla ilgili bilgiler veren Lider \u00c7elik, kiral\u0131k gidecek oyuncular\u0131 a\u00e7\u0131klarken, \u00f6n\u00fcm\u00fczdeki d\u00f6nem i\u00e7in iki oyuncuyla anla\u015ft\u0131klar\u0131 bilgisini verdi.<\/p>\n<p>  Lider \u00c7elik \u015funlar\u0131 s\u00f6yledi:<\/p>\n<p> &#8220;\u0130lk idman ma\u00e7\u0131m\u0131z\u0131 yapt\u0131k. Oyuncular\u0131n son durumunu, bilhassa gen\u00e7 karde\u015flerimizi g\u00f6rmek ismine gayret oynad\u0131k. Bu kamp s\u00fcre\u00e7leri gen\u00e7ler i\u00e7in yeteri kadar m\u00fcddet bulamayan oyuncular i\u00e7in bir f\u0131rsat. Bunu de\u011ferlendirmeleri ismine onlar i\u00e7in \u00e7ok k\u0131ymetli. \u00d6n\u00fcm\u00fczdeki y\u0131l\u0131n grubuyla alakal\u0131 da bir planlama i\u00e7erisindeyiz. Forma baht\u0131 \u00e7ok k\u0131ymetli. Genel olarak \u00e2l\u00e2 bir atmosfer var. \u00d6teki kul\u00fcpler de burada. Kul\u00fcp liderleriyle da temas etme talihimiz oldu. Bir\u00e7ok kul\u00fcpte panik havas\u0131 var bizde o yok. Bursaspor a\u00e7\u0131s\u0131ndan sene ba\u015f\u0131nda yapt\u0131\u011f\u0131m\u0131z at\u0131l\u0131mlar\u0131 bug\u00fcn ne kadar ge\u00e7erli oldu\u011funu g\u00f6rebilirsiniz. Biz o ko\u015fu\u015fturan k\u00fcmede de\u011filiz.&#8221;\u00a0<\/p>\n<p> <strong>&#8216;GEN\u00c7 OYUNCULARLA \u0130LG\u0130L\u0130 \u00c7ALI\u015eMA YAPTIK&#8217;<\/strong><\/p>\n<p> &#8220;Gen\u00e7 oyuncularla ilgili, hocam\u0131z\u0131n hassasiyeti var. Bir \u00e7al\u0131\u015fma yapt\u0131k. Bilal&#8217;i Kafkasspor&#8217;a kiralad\u0131k. Birebir halde bug\u00fcn neticelenen gen\u00e7 karde\u015flerimiz oldu. Bar\u0131\u015f Dalk\u0131ran&#8217;\u0131 Hopaspor&#8217;a kiral\u0131k olarak yolcu ediyoruz. Bir de Recep \u0130nan\u00e7&#8217;la alakal\u0131 Anadolu \u00dcnveristesi&#8217;ne kiral\u0131k muahedemiz oldu. Zekeriya Topayan&#8217;a da kul\u00fcp bulmas\u0131n\u0131 s\u00f6yledik. Kerem Mat\u0131\u015fl\u0131&#8217;dan \u00e7ok umutluyuz. \u015eu andaki tak\u0131m\u0131n ahenginin bozulmamas\u0131 laz\u0131m. Birtak\u0131m oyuncular\u0131m\u0131za transfer teklifleri var.&#8221;<\/p>\n<p> <strong>&#8216;\u00d6NCEL\u0130\u011e\u0130M\u0130Z BANKA BOR\u00c7LARINI TEM\u0130ZLEMEK&#8217;<\/strong><\/p>\n<p> &#8220;Banka bor\u00e7lar\u0131yla ilgili \u00f6nemli \u00e7al\u0131\u015fmam\u0131z var. Ziraat Bankas\u0131&#8217;na ana paras\u0131 olan 50 milyonluk k\u0131sm\u0131n\u0131 kapatt\u0131k. Bir iki hafta i\u00e7erisinde bu borcu kapat\u0131p s\u00fcreci bitirmek istiyoruz. Denizbank&#8217;la da bir s\u00fcre\u00e7 var. G\u00f6r\u00fc\u015fmelerimiz devam ediyor. Bundan sonra da s\u0131ra eski y\u00f6neticiler noktas\u0131na gelecek. \u00d6nceli\u011fimiz bankalar.&#8221;\u00a0<\/p>\n<p> <strong>&#8216;350-400 M\u0130LYON L\u0130RA H\u0130BE OLARAK GELD\u0130&#8217;<\/strong><\/p>\n<p> &#8220;350-400 milyon aral\u0131\u011f\u0131nda tamam\u0131 hibe halinde Bursaspor&#8217;un kasas\u0131na girdi. Toplam bor\u00e7 1.7 milyard\u0131. Banka bor\u00e7lar\u0131n\u0131n kapanmas\u0131, transfer tahtas\u0131 ve mevcut i\u015f\u00e7i alacaklar\u0131n\u0131 biterdik. Borcun yar\u0131s\u0131ndan fazlas\u0131, 600 milyonlara yak\u0131n d\u00fczeye geldi\u011finde y\u00f6netici bor\u00e7lar\u0131 kal\u0131yor. Yaln\u0131zca sportif de\u011fil, mali anlamda da y\u00f6netim kurulu olarak u\u011fra\u015f veriyoruz.&#8221;<\/p>\n<p> <strong>&#8216;\u0130K\u0130 OYUNCUYLA ANLA\u015eTIK&#8217;<\/strong><\/p>\n<p> &#8220;3.Lig batakl\u0131k bir lig. Alanlar, hakem kalitesi \u00e7ok makus. Mazeret manas\u0131nda s\u00f6ylemiyorum. Hi\u00e7 vakit kaybetmememiz gereken bir yer. Tecr\u00fcbeli oyuncularla lig atlama plan\u0131m\u0131z vard\u0131. D\u00fczg\u00fcn bir birinci yar\u0131 ge\u00e7irdik. \u00c2l\u00e2 noktaday\u0131z. \u00d6n\u00fcm\u00fczdeki sene \u015fu anki mant\u0131kla gitmeyece\u011fiz. Keskin de\u011fi\u015fimler de\u011fil. Bir iskelet olacak. O iskelet \u00fczerine asgar\u00ee 4 tane daha dinamik ve ya\u015f ortalamas\u0131n\u0131 d\u00fc\u015f\u00fcrecek destekler yapaca\u011f\u0131z. Bununla alakal\u0131 orta saha b\u00f6lgesine 2 oyuncuyla anla\u015ft\u0131k. D\u00f6nem sonu kadroya kat\u0131lacaklar. \u0130kisi de 25 ya\u015f alt\u0131. Her ligin kendi i\u00e7inde dinamikleri var.&#8221;\u00a0<\/p>\n<p> <strong>&#8216;KAR\u015eIYAKA MA\u00c7ININ YAYINDAN 900 B\u0130N TL&#8217;<\/strong><\/p>\n<p> &#8220;Kar\u015f\u0131yaka ma\u00e7\u0131n\u0131 900 bin TL&#8217;ye verdik. S\u00fcper Lig ma\u00e7lar\u0131n\u0131 izlenmedi\u011fi noktada 3. Lig&#8217;de \u00f6nemli manada ma\u00e7 ma\u00e7 g\u00f6r\u00fc\u015fmeler yap\u0131yoruz ve gelir elde ediyoruz. Bein Sports&#8217;ta nas\u0131l S\u00fcper Lig gruplar\u0131 mutabakat yap\u0131l\u0131yorsa bizim de bu liglerde kendimizi Bursaspor olarak muhafazam\u0131z laz\u0131m. TFF de g\u00f6r\u00fc\u015fmeler yap\u0131yormu\u015f. Bu noktada isti\u015fare edilmeden ad\u0131m at\u0131l\u0131rsa bizi \u00fczer. Kendi haklar\u0131m\u0131z\u0131 koruruz.&#8221;<\/p>\n<p> <strong>&#8216;\u00d6N\u00dcM\u00dcZDEK\u0130 D\u00d6NEM\u0130N KOMB\u0130NELER\u0130N\u0130 B\u0130R AY \u0130\u00c7\u0130N SATI\u015eA \u00c7IKARACA\u011eIZ&#8217;<\/strong><\/p>\n<p> &#8220;3 May\u0131s&#8217;ta Mahmut Orhan konseri olacak. Stadyumda 50 bin ki\u015filik konser olmas\u0131n\u0131 planl\u0131yoruz. \u00dcyelikle ilgili store al\u0131\u015fveri\u015finde ikinci yar\u0131dan itibaren, 3 hafta yahut bir aydan sonra kongre \u00fcyeli\u011fini te\u015fvik manas\u0131nda y\u00fczde 15 indirim yapaca\u011f\u0131z. Bir ay i\u00e7inde \u00f6n\u00fcm\u00fczdeki d\u00f6nemin kombine sat\u0131\u015flar\u0131na da ba\u015flayaca\u011f\u0131z. \u00dcyeler hem Bursastore&#8217;da y\u00fczde 15 indirimli alacak hem de kombinelerde kendi mevcut yerini alabilecek. Kongre \u00fcyelerine y\u00fczde 15 indirimle \u00d6zl\u00fcce topra\u011f\u0131nda yap\u0131lacak restorandan faydalanabilecek.&#8221;<\/p>\n<p> <strong>&#8216;\u00d6ZL\u00dcCE&#8217;DEK\u0130 PROJEY\u0130 BURSASPOR OLARAK YAPAB\u0130L\u0130R\u0130Z&#8217;<\/strong><\/p>\n<p> &#8220;\u00d6zl\u00fcce ile alakal\u0131 iki ihaleye \u00e7\u0131kt\u0131k. Bir ihale daha yapaca\u011f\u0131z. \u0130\u015ftirak noktas\u0131nda ilgi var. \u0130stedi\u011fimiz kurallarda olmazsa Bursaspor olarak kendimizin yapma durumu da var. Kentin \u00f6nde gelen insanlar\u0131n da kat\u0131laca\u011f\u0131 bir lansmanla kendi yapma durumumuz var. Firmalar\u0131 zorluyoruz. \u00d6nden para vermeden yapma niyetinde birden fazla. Bir tane de\u011fil, bir s\u00fcr\u00fc \u015fey var kafam\u0131zda. Y\u00f6netim kurulu arkada\u015flar\u0131m\u0131za da te\u015fekk\u00fcr ediyorum. \u0130kinci kal\u0131c\u0131 proje de in\u015fallah Uluda\u011f&#8217;da kamp merkezi projesi olur.&#8221;<\/p>\n<p> <strong>&#8216;VEFA DURUMUNU KEND\u0130 BEL\u0130RLEYECEK&#8217;\u00a0<\/strong><\/p>\n<p> &#8220;Vefa&#8217;n\u0131n bonservisini Vefa&#8217;n\u0131n 3 ayl\u0131k performans\u0131 belirleyecek. \u0130n\u015fallah o performans\u0131 belirler ve bizimle devam eder.&#8221; <br \/>(Kaynak: olay.com.tr)<\/p>\n<\/div>\n","protected":false},"excerpt":{"rendered":"<p>Bursaspor Kul\u00fcb\u00fc Lideri Enes \u00c7elik, Antalya kamp\u0131n\u0131 takip eden medya mensuplar\u0131yla bas\u0131n toplant\u0131s\u0131nda bir ortaya geldi.<\/p>\n","protected":false},"author":1,"featured_media":2824,"comment_status":"open","ping_status":"open","sticky":false,"template":"","format":"standard","meta":{"footnotes":""},"categories":[25],"tags":[334,51,50,333,290],"class_list":["post-2823","post","type-post","status-publish","format-standard","has-post-thumbnail","hentry","category-futbol","tag-genc","tag-lig","tag-mac","tag-oyuncular","tag-var"],"_links":{"self":[{"href":"https:\/\/haberbesiktas.tr\/index.php?rest_route=\/wp\/v2\/posts\/2823","targetHints":{"allow":["GET"]}}],"collection":[{"href":"https:\/\/haberbesiktas.tr\/index.php?rest_route=\/wp\/v2\/posts"}],"about":[{"href":"https:\/\/haberbesiktas.tr\/index.php?rest_route=\/wp\/v2\/types\/post"}],"author":[{"embeddable":true,"href":"https:\/\/haberbesiktas.tr\/index.php?rest_route=\/wp\/v2\/users\/1"}],"replies":[{"embeddable":true,"href":"https:\/\/haberbesiktas.tr\/index.php?rest_route=%2Fwp%2Fv2%2Fcomments&post=2823"}],"version-history":[{"count":1,"href":"https:\/\/haberbesiktas.tr\/index.php?rest_route=\/wp\/v2\/posts\/2823\/revisions"}],"predecessor-version":[{"id":2825,"href":"https:\/\/haberbesiktas.tr\/index.php?rest_route=\/wp\/v2\/posts\/2823\/revisions\/2825"}],"wp:featuredmedia":[{"embeddable":true,"href":"https:\/\/haberbesiktas.tr\/index.php?rest_route=\/wp\/v2\/media\/2824"}],"wp:attachment":[{"href":"https:\/\/haberbesiktas.tr\/index.php?rest_route=%2Fwp%2Fv2%2Fmedia&parent=2823"}],"wp:term":[{"taxonomy":"category","embeddable":true,"href":"https:\/\/haberbesiktas.tr\/index.php?rest_route=%2Fwp%2Fv2%2Fcategories&post=2823"},{"taxonomy":"post_tag","embeddable":true,"href":"https:\/\/haberbesiktas.tr\/index.php?rest_route=%2Fwp%2Fv2%2Ftags&post=2823"}],"curies":[{"name":"wp","href":"https:\/\/api.w.org\/{rel}","templated":true}]}}