{"id":28253,"date":"2025-05-09T06:24:16","date_gmt":"2025-05-09T06:24:16","guid":{"rendered":"https:\/\/haberbesiktas.tr\/?p=28253"},"modified":"2025-05-09T06:24:16","modified_gmt":"2025-05-09T06:24:16","slug":"super-ligde-yeni-sezonun-baslangic-tarihi-aciklandi","status":"publish","type":"post","link":"https:\/\/haberbesiktas.tr\/?p=28253","title":{"rendered":"S\u00fcper Lig&#8217;de yeni sezonun ba\u015flang\u0131\u00e7 tarihi a\u00e7\u0131kland\u0131"},"content":{"rendered":"<div>T\u00fcrkiye Futbol Federasyonu futbolda yeni d\u00f6nemin takvimini duyurdu.<\/p>\n<p> Federasyondan yap\u0131lan a\u00e7\u0131klamada, <strong>&#8220;T\u00fcrkiye Futbol Federasyonu Y\u00f6netim Kurulu, d\u00fcn ger\u00e7ekle\u015ftirdi\u011fi toplant\u0131da Trendyol S\u00fcper Lig, Trendyol 1. Lig, Nesine 2. Lig ve Nesine 3. Lig&#8217;de 2025-2026 d\u00f6nemi ba\u015flang\u0131\u00e7 tarihlerini belirlemi\u015ftir.&#8221;<\/strong> denildi.<\/p>\n<p> A\u00e7\u0131klamada, <strong>&#8220;Al\u0131nan karara nazaran; Trendyol S\u00fcper Lig ve Trendyol 1. Lig 8, 9, 10 ve 11 A\u011fustos 2025 tarihlerinde, Nesine 2. Lig 30-31 A\u011fustos 2025 tarihlerinde, Nesine 3. Lig ise 6-7 Eyl\u00fcl 2025 tarihlerinde oynanacak ma\u00e7larla ba\u015flayacakt\u0131r.&#8221;<\/strong> s\u00f6zleri yer ald\u0131.<\/p>\n<p> Ek olarak liglere ait d\u00f6nem planlamas\u0131n\u0131n daha sonra ilan edilece\u011fi belirtildi.<\/p>\n<p> \u00a0<\/p>\n<\/div>\n","protected":false},"excerpt":{"rendered":"<p>TFF, Trendyol S\u00fcper Lig ve Trendyol 1. Lig&#8217;de 2025-26 d\u00f6neminin; 8, 9, 10 ve 11 A\u011fustos 2025 tarihlerinde ba\u015flayaca\u011f\u0131n\u0131 a\u00e7\u0131klad\u0131.<\/p>\n","protected":false},"author":1,"featured_media":28254,"comment_status":"open","ping_status":"open","sticky":false,"template":"","format":"standard","meta":{"footnotes":""},"categories":[25],"tags":[51],"class_list":["post-28253","post","type-post","status-publish","format-standard","has-post-thumbnail","hentry","category-futbol","tag-lig"],"_links":{"self":[{"href":"https:\/\/haberbesiktas.tr\/index.php?rest_route=\/wp\/v2\/posts\/28253","targetHints":{"allow":["GET"]}}],"collection":[{"href":"https:\/\/haberbesiktas.tr\/index.php?rest_route=\/wp\/v2\/posts"}],"about":[{"href":"https:\/\/haberbesiktas.tr\/index.php?rest_route=\/wp\/v2\/types\/post"}],"author":[{"embeddable":true,"href":"https:\/\/haberbesiktas.tr\/index.php?rest_route=\/wp\/v2\/users\/1"}],"replies":[{"embeddable":true,"href":"https:\/\/haberbesiktas.tr\/index.php?rest_route=%2Fwp%2Fv2%2Fcomments&post=28253"}],"version-history":[{"count":1,"href":"https:\/\/haberbesiktas.tr\/index.php?rest_route=\/wp\/v2\/posts\/28253\/revisions"}],"predecessor-version":[{"id":28255,"href":"https:\/\/haberbesiktas.tr\/index.php?rest_route=\/wp\/v2\/posts\/28253\/revisions\/28255"}],"wp:featuredmedia":[{"embeddable":true,"href":"https:\/\/haberbesiktas.tr\/index.php?rest_route=\/wp\/v2\/media\/28254"}],"wp:attachment":[{"href":"https:\/\/haberbesiktas.tr\/index.php?rest_route=%2Fwp%2Fv2%2Fmedia&parent=28253"}],"wp:term":[{"taxonomy":"category","embeddable":true,"href":"https:\/\/haberbesiktas.tr\/index.php?rest_route=%2Fwp%2Fv2%2Fcategories&post=28253"},{"taxonomy":"post_tag","embeddable":true,"href":"https:\/\/haberbesiktas.tr\/index.php?rest_route=%2Fwp%2Fv2%2Ftags&post=28253"}],"curies":[{"name":"wp","href":"https:\/\/api.w.org\/{rel}","templated":true}]}}