{"id":28265,"date":"2025-05-09T07:12:18","date_gmt":"2025-05-09T07:12:18","guid":{"rendered":"https:\/\/haberbesiktas.tr\/?p=28265"},"modified":"2025-05-09T07:12:18","modified_gmt":"2025-05-09T07:12:18","slug":"fabio-capellodan-guardiola-misillemesi","status":"publish","type":"post","link":"https:\/\/haberbesiktas.tr\/?p=28265","title":{"rendered":"Fabio Capello&#8217;dan Guardiola misillemesi!"},"content":{"rendered":"<div>\u0130talyan futbol efsanesi Fabio Capello, \u00fcnl\u00fc teknik y\u00f6netici Pep Guardiola&#8217;ya y\u00f6nelik sert tenkitler yapt\u0131.\u00a0 <\/p>\n<p>El Mundo&#8217;nun haberine nazaran Capello, Guardiola&#8217;n\u0131n futbol \u00fczerindeki tesirinin olumsuz oldu\u011funu savundu.<\/p>\n<p>Capello, <strong>&#8220;Guardiola&#8217;da en sevmedi\u011fim \u015fey ne biliyor musunuz? Onun kibri. &#8216;Oyuncular kazanm\u0131yor, ben kazan\u0131yorum&#8217; diyebilmek i\u00e7in her \u015feyi de\u011fi\u015ftiriyor. Futbola \u00e7ok ziyan verdi. Zira herkes onu kopyalamak i\u00e7in u\u011fra\u015ft\u0131.&#8221;<\/strong> tabirlerini kulland\u0131.<\/p>\n<\/div>\n","protected":false},"excerpt":{"rendered":"<p>\u0130talyan futbol efsanesi Fabio Capello, \u00fcnl\u00fc teknik y\u00f6netici Pep Guardiola&#8217;ya y\u00f6nelik sert tenkitlerde bulundu.<\/p>\n","protected":false},"author":1,"featured_media":28266,"comment_status":"open","ping_status":"open","sticky":false,"template":"","format":"standard","meta":{"footnotes":""},"categories":[25],"tags":[],"class_list":["post-28265","post","type-post","status-publish","format-standard","has-post-thumbnail","hentry","category-futbol"],"_links":{"self":[{"href":"https:\/\/haberbesiktas.tr\/index.php?rest_route=\/wp\/v2\/posts\/28265","targetHints":{"allow":["GET"]}}],"collection":[{"href":"https:\/\/haberbesiktas.tr\/index.php?rest_route=\/wp\/v2\/posts"}],"about":[{"href":"https:\/\/haberbesiktas.tr\/index.php?rest_route=\/wp\/v2\/types\/post"}],"author":[{"embeddable":true,"href":"https:\/\/haberbesiktas.tr\/index.php?rest_route=\/wp\/v2\/users\/1"}],"replies":[{"embeddable":true,"href":"https:\/\/haberbesiktas.tr\/index.php?rest_route=%2Fwp%2Fv2%2Fcomments&post=28265"}],"version-history":[{"count":1,"href":"https:\/\/haberbesiktas.tr\/index.php?rest_route=\/wp\/v2\/posts\/28265\/revisions"}],"predecessor-version":[{"id":28267,"href":"https:\/\/haberbesiktas.tr\/index.php?rest_route=\/wp\/v2\/posts\/28265\/revisions\/28267"}],"wp:featuredmedia":[{"embeddable":true,"href":"https:\/\/haberbesiktas.tr\/index.php?rest_route=\/wp\/v2\/media\/28266"}],"wp:attachment":[{"href":"https:\/\/haberbesiktas.tr\/index.php?rest_route=%2Fwp%2Fv2%2Fmedia&parent=28265"}],"wp:term":[{"taxonomy":"category","embeddable":true,"href":"https:\/\/haberbesiktas.tr\/index.php?rest_route=%2Fwp%2Fv2%2Fcategories&post=28265"},{"taxonomy":"post_tag","embeddable":true,"href":"https:\/\/haberbesiktas.tr\/index.php?rest_route=%2Fwp%2Fv2%2Ftags&post=28265"}],"curies":[{"name":"wp","href":"https:\/\/api.w.org\/{rel}","templated":true}]}}