{"id":2829,"date":"2025-01-11T17:42:47","date_gmt":"2025-01-11T17:42:47","guid":{"rendered":"https:\/\/haberbesiktas.tr\/?p=2829"},"modified":"2025-01-11T17:42:47","modified_gmt":"2025-01-11T17:42:47","slug":"reis-takimimin-tek-hedefi-3-puan","status":"publish","type":"post","link":"https:\/\/haberbesiktas.tr\/?p=2829","title":{"rendered":"Reis: &#8220;Tak\u0131m\u0131m\u0131n tek hedefi 3 puan&#8221;"},"content":{"rendered":"<div>Reeder Samsunspor, Trendyol \u00dcst\u00fcn Lig&#8217;in 19. haftas\u0131nda deplasmanda Kayserispor ile oynayaca\u011f\u0131 m\u00fcsabakadan 3 puanla ayr\u0131lmay\u0131 hedefliyor.<\/p>\n<p> Teknik y\u00f6netici Thomas Reis, Nuri Asan Tesisleri&#8217;nde d\u00fczenledi\u011fi bas\u0131n toplant\u0131s\u0131nda, 11 Ocak Cumartesi g\u00fcn\u00fc oynayacaklar\u0131 ma\u00e7 \u00f6ncesi de\u011ferlendirmelerde bulundu.<\/p>\n<p> Her ma\u00e7\u0131n kendileri i\u00e7in de\u011ferli oldu\u011funu ve Kayserispor m\u00fcsabakas\u0131nda g\u00fczel bir performans g\u00f6stermek istediklerini s\u00f6yleyen Reis, &#8220;Belki ka\u011f\u0131t \u00fczerinde kolay bir ma\u00e7 \u00fczere g\u00f6r\u00fcnebilir ancak Kayserispor ma\u00e7\u0131 kolay bir m\u00fcsabaka olmayacak. G\u00fc\u00e7 bir u\u011fra\u015f olacak. Ligdeki konumumuza bakarsak, \u00e7ok uygun bir pozisyonday\u0131z. Kayserispor&#8217;un durumu bizim kadar g\u00fczel de\u011fil. Onlar da ligde kalmak ismine k\u0131ymetli bir kar\u015f\u0131la\u015famaya \u00e7\u0131kacak ve bizi yenmeye \u00e7al\u0131\u015facaklar. Bu mevzuya dikkat etmek zorunday\u0131z. Umar\u0131m istedi\u011fini alan taraf biz oluruz.&#8221; dedi.<\/p>\n<p> <strong>Reis, Trabzonspor m\u00fcsabakas\u0131nda tak\u0131m d\u0131\u015f\u0131 kalan 4 oyuncuyla ilgili ise \u015funlar\u0131 lisana getirdi:<\/strong><\/p>\n<p> &#8220;Bundan sonra art\u0131k herkesin idman performans\u0131na nazaran karar vermem gerekecek. Tak\u0131m ve birinci 11 ona nazaran \u015fekillenecek. O karar, yaln\u0131zca Trabzonspor ma\u00e7\u0131yla alakal\u0131yd\u0131. Kayserispor ma\u00e7\u0131nda yeteri kadar oynatabilecek oyuncum olacak. Bu da beni \u00e7oku ile keyifli ediyor. Kadrodaki hava \u00e7ok g\u00fczel durumda. Son m\u00fcsabakada da bunu g\u00f6rd\u00fck, ald\u0131\u011f\u0131m\u0131z karar ekibi etkilemedi. D\u00f6nem \u00e7ok uzun ve herkese \u00e7ok gereksinim olacak. Her oyuncu bizim i\u00e7in \u00e7ok de\u011ferli. Oyuncular\u0131m ellerinden gelenin en g\u00fczelini yapmaya \u00e7al\u0131\u015f\u0131yor. Bu bi\u00e7imde devam edersek sezon sonunda ligi istedi\u011fimiz yerde bitiririz.&#8221;<\/p>\n<p> <strong>Kar\u015f\u0131la\u015fmalardaki hakemlerin elinden geldi\u011fince i\u015flerinin en g\u00fczelini yapmaya \u00e7al\u0131\u015ft\u0131klar\u0131n\u0131 s\u00f6z eden Reis, \u015funlar\u0131 kaydetti:<\/strong><\/p>\n<p> &#8220;Birka\u00e7 ma\u00e7ta hakemlerin vermi\u015f oldu\u011fu kararlarla ilgili mutsuz oldu\u011fumu belirtmi\u015ftim. Sonu\u00e7 olarak onlar da kusur yap\u0131yor, ben de hoca olarak yan\u0131lg\u0131 yap\u0131yorum. TFF&#8217;nin alm\u0131\u015f oldu\u011fu bir karar var. VAR&#8217;a yabanc\u0131 hakem al\u0131n\u0131yor. Oyuna ta\u00e7la ba\u015flarken ya da vakit \u00f6ld\u00fcrmek \u00fczere hareketler yap\u0131ld\u0131\u011f\u0131nda hakemler bu durumlarda daha fazla ikazda bulunabilir. Oyunun biraz daha \u00e7abuk ba\u015flamas\u0131na vesile olmu\u015f olabilirler. Bizim i\u00e7in genel manada hakemlerle alakal\u0131 keyifli oldu\u011fumuzu belirtebilirim. Birinci 11 ma\u00e7ta 3 tane sar\u0131 kart g\u00f6rd\u00fcm. O verilen kararlar sebebiyle \u00e7ok fazla itiraz edince bana 3 sar\u0131 kart g\u00f6sterdiler. Art\u0131k onlar beni daha yeterli biliyorlar, kendimi daha g\u00fczel tabir ediyorum. Ben de onlar\u0131 daha d\u00fczg\u00fcn anlamaya ba\u015flad\u0131m. Umar\u0131m ligin geri kalan k\u0131sm\u0131nda da 3 kartla devam eder, 4&#8217;\u00fcnc\u00fc sar\u0131 kart\u0131 g\u00f6r\u00fcp cezal\u0131 duruma d\u00fc\u015fmem.&#8221;<\/p>\n<\/div>\n","protected":false},"excerpt":{"rendered":"<p>Reeder Samsunspor Teknik Y\u00f6neticisi Thomas Reis, Kayserispor kar\u015f\u0131s\u0131nda oynayacaklar\u0131 gayrette tek maksatlar\u0131n\u0131n galibiyet oldu\u011funu s\u00f6yledi.<\/p>\n","protected":false},"author":1,"featured_media":2830,"comment_status":"open","ping_status":"open","sticky":false,"template":"","format":"standard","meta":{"footnotes":""},"categories":[25],"tags":[62,335,336,164,50],"class_list":["post-2829","post","type-post","status-publish","format-standard","has-post-thumbnail","hentry","category-futbol","tag-hakem","tag-karar","tag-karsilasma","tag-kayserispor","tag-mac"],"_links":{"self":[{"href":"https:\/\/haberbesiktas.tr\/index.php?rest_route=\/wp\/v2\/posts\/2829","targetHints":{"allow":["GET"]}}],"collection":[{"href":"https:\/\/haberbesiktas.tr\/index.php?rest_route=\/wp\/v2\/posts"}],"about":[{"href":"https:\/\/haberbesiktas.tr\/index.php?rest_route=\/wp\/v2\/types\/post"}],"author":[{"embeddable":true,"href":"https:\/\/haberbesiktas.tr\/index.php?rest_route=\/wp\/v2\/users\/1"}],"replies":[{"embeddable":true,"href":"https:\/\/haberbesiktas.tr\/index.php?rest_route=%2Fwp%2Fv2%2Fcomments&post=2829"}],"version-history":[{"count":1,"href":"https:\/\/haberbesiktas.tr\/index.php?rest_route=\/wp\/v2\/posts\/2829\/revisions"}],"predecessor-version":[{"id":2831,"href":"https:\/\/haberbesiktas.tr\/index.php?rest_route=\/wp\/v2\/posts\/2829\/revisions\/2831"}],"wp:featuredmedia":[{"embeddable":true,"href":"https:\/\/haberbesiktas.tr\/index.php?rest_route=\/wp\/v2\/media\/2830"}],"wp:attachment":[{"href":"https:\/\/haberbesiktas.tr\/index.php?rest_route=%2Fwp%2Fv2%2Fmedia&parent=2829"}],"wp:term":[{"taxonomy":"category","embeddable":true,"href":"https:\/\/haberbesiktas.tr\/index.php?rest_route=%2Fwp%2Fv2%2Fcategories&post=2829"},{"taxonomy":"post_tag","embeddable":true,"href":"https:\/\/haberbesiktas.tr\/index.php?rest_route=%2Fwp%2Fv2%2Ftags&post=2829"}],"curies":[{"name":"wp","href":"https:\/\/api.w.org\/{rel}","templated":true}]}}