{"id":28328,"date":"2025-05-09T11:24:17","date_gmt":"2025-05-09T11:24:17","guid":{"rendered":"https:\/\/haberbesiktas.tr\/?p=28328"},"modified":"2025-05-09T11:24:17","modified_gmt":"2025-05-09T11:24:17","slug":"carlo-ancelotti-simeone-ile-oldukca-benziyoruz","status":"publish","type":"post","link":"https:\/\/haberbesiktas.tr\/?p=28328","title":{"rendered":"Carlo Ancelotti: &#8220;Simeone ile olduk\u00e7a benziyoruz&#8221;"},"content":{"rendered":"<div>Real Madrid Teknik Y\u00f6neticisi Carlo Ancelotti, \u015eampiyonlar Ligi&#8217;nde Atletico Madrid ile oynanacak r\u00f6van\u015f ma\u00e7\u0131 \u00f6ncesi a\u00e7\u0131klamalar yapt\u0131.\u00a0<\/p>\n<p>Real Madrid idman\u0131 \u00f6ncesinde d\u00fczenlenen bas\u0131n toplant\u0131s\u0131nda konu\u015fan Ancelotti, <strong>&#8220;Simeone ile \u00e7ok benziyoruz. Oynad\u0131\u011f\u0131m\u0131z ma\u00e7lar k\u00fc\u00e7\u00fck ayr\u0131nt\u0131larla belirleniyor, \u00e7ok istikrarl\u0131 ge\u00e7iyor.\u00a0D\u00fc\u015f\u00fck blok savunmaya kar\u015f\u0131 nas\u0131l atak edece\u011fimizi, bask\u0131dan nas\u0131l \u00e7\u0131kaca\u011f\u0131m\u0131z\u0131, kontraya nas\u0131l \u00e7\u0131kaca\u011f\u0131m\u0131z\u0131 g\u00f6rmeliyiz. Atletico Madrid bir\u00e7ok farkl\u0131 bi\u00e7imde oynayabiliyor, t\u0131pk\u0131 biz \u00fczere.&#8221;<\/strong> tabirlerini kulland\u0131.<\/p>\n<p><strong>&#8220;MA\u011eLUB\u0130YET\u0130N TEK SORUMLUSU B\u0130Z\u0130Z&#8221;<\/strong><\/p>\n<p>Ancelotti, ma\u00e7 \u00f6ncesinde m\u00fcmk\u00fcn bir yenilginin sorumlulu\u011funu da \u00fcstlendi: <strong>&#8220;Futbolcular galibiyetin de yenilginin de sorumlusudur.&#8221;<\/strong> diyerek evvel topu oyuncular\u0131na att\u0131. Lakin akabinde g\u00fcl\u00fcmseyerek ekledi: <strong>&#8220;Hay\u0131r\u2026 Yenilginin tek sorumlusu her vakit teknik y\u00f6neticidir. Bu evvelce beri b\u00f6yledir ve biz antren\u00f6rler bunun fark\u0131nday\u0131z. Benim i\u00e7in sorun yok. \u00c7ok sevilen bir durumday\u0131m, bir\u00e7ok ki\u015fi benim yerimde olmak istiyor, bu y\u00fczden bu sorumlulu\u011fu kabul ediyorum.&#8221;<\/p>\n<p>&#8220;MOT\u0130VASYON, HEYECAN, \u0130STEK&#8230;&#8221;<\/p>\n<p><\/strong>Sezon boyunca s\u0131k s\u0131k g\u00fcndeme gelen motivasyon konusuna da de\u011finen \u0130talyan teknik adam, bu t\u00fcrl\u00fc b\u00fcy\u00fck bir ma\u00e7 \u00f6ncesinde oyuncular\u0131n\u0131 ekstra motive etmesine gerek olmad\u0131\u011f\u0131n\u0131 s\u00f6yledi.<strong> &#8220;Oyuncular\u0131m\u0131z\u0131 ma\u00e7 plan\u0131na odakland\u0131rmam\u0131z gerekiyor, alanda ne yapaca\u011f\u0131m\u0131z\u0131 belirlemeliyiz. Motivasyon ve bask\u0131 esasen \u00e7ok y\u00fcksek olacak. Bu y\u00fczden en k\u0131ymetli \u015fey taktiksel haz\u0131rl\u0131k. Gerisi esasen var: motivasyon, heyecan, istek.&#8221; <\/strong>dedi.<\/p>\n<p><strong>&#8220;PENALTILARDA EN KIYMETL\u0130 \u015eEY Z\u0130H\u0130NSEL G\u00dc\u00c7T\u00dcR&#8221;<\/strong><\/p>\n<p>Son olarak, ma\u00e7\u0131n penalt\u0131lara gitme ihtimaline de de\u011finen Ancelotti, bu hususta \u00f6zel bir haz\u0131rl\u0131k yapmad\u0131klar\u0131n\u0131 belirtti. <strong>&#8220;Antrenmanlarda penalt\u0131 at\u0131\u015flar\u0131n\u0131 izleyip en isabetli ve sa\u011flam olanlar\u0131 se\u00e7iyoruz. Lakin penalt\u0131 at\u0131\u015flar\u0131nda en de\u011ferli \u015fey zihinsel g\u00fc\u00e7t\u00fcr.&#8221;<\/strong> dedi. Atletico Madrid, tek farkl\u0131 bir galibiyet al\u0131rsa \u015eampiyonlar Ligi derbisi penalt\u0131lara ta\u015f\u0131nacak.<\/div>\n","protected":false},"excerpt":{"rendered":"<p>Real Madrid Teknik Y\u00f6neticisi Carlo Ancelotti, \u015eampiyonlar Ligi&#8217;nde Atletico Madrid ile oynanacak r\u00f6van\u015f ma\u00e7\u0131 \u00f6ncesi a\u00e7\u0131klamalarda bulundu.<\/p>\n","protected":false},"author":1,"featured_media":28329,"comment_status":"open","ping_status":"open","sticky":false,"template":"","format":"standard","meta":{"footnotes":""},"categories":[25],"tags":[50,1086,303,241],"class_list":["post-28328","post","type-post","status-publish","format-standard","has-post-thumbnail","hentry","category-futbol","tag-mac","tag-madrid","tag-penalti","tag-tek"],"_links":{"self":[{"href":"https:\/\/haberbesiktas.tr\/index.php?rest_route=\/wp\/v2\/posts\/28328","targetHints":{"allow":["GET"]}}],"collection":[{"href":"https:\/\/haberbesiktas.tr\/index.php?rest_route=\/wp\/v2\/posts"}],"about":[{"href":"https:\/\/haberbesiktas.tr\/index.php?rest_route=\/wp\/v2\/types\/post"}],"author":[{"embeddable":true,"href":"https:\/\/haberbesiktas.tr\/index.php?rest_route=\/wp\/v2\/users\/1"}],"replies":[{"embeddable":true,"href":"https:\/\/haberbesiktas.tr\/index.php?rest_route=%2Fwp%2Fv2%2Fcomments&post=28328"}],"version-history":[{"count":1,"href":"https:\/\/haberbesiktas.tr\/index.php?rest_route=\/wp\/v2\/posts\/28328\/revisions"}],"predecessor-version":[{"id":28330,"href":"https:\/\/haberbesiktas.tr\/index.php?rest_route=\/wp\/v2\/posts\/28328\/revisions\/28330"}],"wp:featuredmedia":[{"embeddable":true,"href":"https:\/\/haberbesiktas.tr\/index.php?rest_route=\/wp\/v2\/media\/28329"}],"wp:attachment":[{"href":"https:\/\/haberbesiktas.tr\/index.php?rest_route=%2Fwp%2Fv2%2Fmedia&parent=28328"}],"wp:term":[{"taxonomy":"category","embeddable":true,"href":"https:\/\/haberbesiktas.tr\/index.php?rest_route=%2Fwp%2Fv2%2Fcategories&post=28328"},{"taxonomy":"post_tag","embeddable":true,"href":"https:\/\/haberbesiktas.tr\/index.php?rest_route=%2Fwp%2Fv2%2Ftags&post=28328"}],"curies":[{"name":"wp","href":"https:\/\/api.w.org\/{rel}","templated":true}]}}