{"id":28331,"date":"2025-05-09T11:36:20","date_gmt":"2025-05-09T11:36:20","guid":{"rendered":"https:\/\/haberbesiktas.tr\/?p=28331"},"modified":"2025-05-09T11:36:20","modified_gmt":"2025-05-09T11:36:20","slug":"diego-simeone-ne-olacagini-yalnizca-tanri-biliyor","status":"publish","type":"post","link":"https:\/\/haberbesiktas.tr\/?p=28331","title":{"rendered":"Diego Simeone: &#8220;Ne olaca\u011f\u0131n\u0131 yaln\u0131zca Tanr\u0131 biliyor&#8221;"},"content":{"rendered":"<div>Atletico Madrid teknik y\u00f6neticisi Diego Simeone, \u015eampiyonlar Ligi son 16 tipi r\u00f6van\u015f ma\u00e7\u0131 \u00f6ncesinde d\u00fczenlenen bas\u0131n toplant\u0131s\u0131nda temkinli a\u00e7\u0131klamalarda bulundu. B\u00fcy\u00fck bir u\u011fra\u015fa \u00e7\u0131kacaklar\u0131n\u0131n fark\u0131nda olan Arjantinli teknik adam, dikkatli bir lisan kullanarak derbiye dair g\u00f6r\u00fc\u015flerini payla\u015ft\u0131.<\/p>\n<p> Carlo Ancelotti&#8217;yi \u00f6ven Simeone, penalt\u0131lar hakk\u0131nda benzeri bir g\u00f6r\u00fc\u015fe sahip oldu\u011funu belirtti. <strong>&#8220;Penalt\u0131lar\u0131 \u00f6zel olarak \u00e7al\u0131\u015fmad\u0131k, fakat bug\u00fcn idman\u0131n sonunda biraz \u00e7al\u0131\u015fabiliriz. Lakin idmanda denemek ile ma\u00e7 atmosferinde penalt\u0131 atmak asla t\u0131pk\u0131 \u015fey de\u011fildir.&#8221;<\/strong> tabirlerini kulland\u0131.<\/p>\n<p><strong>&#8220;SADECE TR\u0130B\u00dcN DAYANA\u011eI YETMEZ&#8221;<\/strong><\/p>\n<p> <strong>Derbiye dair tahlilinde ise Diego Simeone, kendi alanlar\u0131nda oynaman\u0131n avantaj\u0131na de\u011findi: <\/strong>&#8220;Bu ma\u00e7\u0131 alan\u0131m\u0131zda oynayaca\u011f\u0131z. Taraftarlar\u0131m\u0131z bizi itecektir, lakin as\u0131l k\u0131ymetli olan alanda neler yapaca\u011f\u0131m\u0131zd\u0131r. Yaln\u0131zca trib\u00fcn dayana\u011f\u0131yla bu ma\u00e7\u0131 kazanamay\u0131z, nitekim g\u00fczel bir ma\u00e7 \u00e7\u0131karmal\u0131y\u0131z.&#8221;<strong><\/p>\n<p>&#8220;HEDEF\u0130M\u0130Z F\u0130NAL&#8221;<\/strong><\/p>\n<p> Arjantinli teknik adam, Atletico Madrid&#8217;in gayesinin final oynamak oldu\u011funu vurgulad\u0131. <strong>&#8220;Bizim maksad\u0131m\u0131z finale kalmak. Eminim ki hem rakibimiz hem de biz bu ma\u00e7a en \u00e2l\u00e2 halde haz\u0131rland\u0131k. Ancak ne olaca\u011f\u0131n\u0131 sadece \u0130lah biliyor.&#8221;<\/strong> diyerek kelamlar\u0131n\u0131 tamamlad\u0131.<\/p>\n<\/div>\n","protected":false},"excerpt":{"rendered":"<p>Atletico Madrid teknik y\u00f6neticisi Diego Simeone, \u015eampiyonlar Ligi son 16 \u00e7e\u015fidi r\u00f6van\u015f ma\u00e7\u0131 \u00f6ncesinde d\u00fczenlenen bas\u0131n toplant\u0131s\u0131nda konu\u015ftu.<\/p>\n","protected":false},"author":1,"featured_media":28332,"comment_status":"open","ping_status":"open","sticky":false,"template":"","format":"standard","meta":{"footnotes":""},"categories":[25],"tags":[50],"class_list":["post-28331","post","type-post","status-publish","format-standard","has-post-thumbnail","hentry","category-futbol","tag-mac"],"_links":{"self":[{"href":"https:\/\/haberbesiktas.tr\/index.php?rest_route=\/wp\/v2\/posts\/28331","targetHints":{"allow":["GET"]}}],"collection":[{"href":"https:\/\/haberbesiktas.tr\/index.php?rest_route=\/wp\/v2\/posts"}],"about":[{"href":"https:\/\/haberbesiktas.tr\/index.php?rest_route=\/wp\/v2\/types\/post"}],"author":[{"embeddable":true,"href":"https:\/\/haberbesiktas.tr\/index.php?rest_route=\/wp\/v2\/users\/1"}],"replies":[{"embeddable":true,"href":"https:\/\/haberbesiktas.tr\/index.php?rest_route=%2Fwp%2Fv2%2Fcomments&post=28331"}],"version-history":[{"count":1,"href":"https:\/\/haberbesiktas.tr\/index.php?rest_route=\/wp\/v2\/posts\/28331\/revisions"}],"predecessor-version":[{"id":28333,"href":"https:\/\/haberbesiktas.tr\/index.php?rest_route=\/wp\/v2\/posts\/28331\/revisions\/28333"}],"wp:featuredmedia":[{"embeddable":true,"href":"https:\/\/haberbesiktas.tr\/index.php?rest_route=\/wp\/v2\/media\/28332"}],"wp:attachment":[{"href":"https:\/\/haberbesiktas.tr\/index.php?rest_route=%2Fwp%2Fv2%2Fmedia&parent=28331"}],"wp:term":[{"taxonomy":"category","embeddable":true,"href":"https:\/\/haberbesiktas.tr\/index.php?rest_route=%2Fwp%2Fv2%2Fcategories&post=28331"},{"taxonomy":"post_tag","embeddable":true,"href":"https:\/\/haberbesiktas.tr\/index.php?rest_route=%2Fwp%2Fv2%2Ftags&post=28331"}],"curies":[{"name":"wp","href":"https:\/\/api.w.org\/{rel}","templated":true}]}}