{"id":28337,"date":"2025-05-09T12:00:17","date_gmt":"2025-05-09T12:00:17","guid":{"rendered":"https:\/\/haberbesiktas.tr\/?p=28337"},"modified":"2025-05-09T12:00:17","modified_gmt":"2025-05-09T12:00:17","slug":"barcelona-benfica-macina-iki-kez-iftar-arasi","status":"publish","type":"post","link":"https:\/\/haberbesiktas.tr\/?p=28337","title":{"rendered":"Barcelona &#8211; Benfica ma\u00e7\u0131na iki kez iftar aras\u0131!"},"content":{"rendered":"<div>UEFA \u015eampiyonlar Ligi&#8217;ndeki Barcelona &#8211; Benfica ma\u00e7\u0131nda enteresan anlar ya\u015fand\u0131.<\/p>\n<p> Ma\u00e7\u0131n 8. dakikas\u0131nda Barcelona &#8211; Benfica ma\u00e7\u0131n\u0131n hakemi Fran\u00e7ois Letexier, oru\u00e7lu futbolcular i\u00e7in oyunu durdurdu. Orkun K\u00f6k\u00e7\u00fc, hakemi uyard\u0131 ve \u015fimdi iftar saati olmad\u0131\u011f\u0131n\u0131 s\u00f6yledi ve oyun devam etti.<\/p>\n<p> Hakem Letexier, 15. dakikada bir defa daha oyunu durdurdu. Bu dakikada Lamine Yamal, Orkun K\u00f6k\u00e7\u00fc ve Kerem Akt\u00fcrko\u011flu oru\u00e7lar\u0131n\u0131 a\u00e7t\u0131.<\/p>\n<\/div>\n","protected":false},"excerpt":{"rendered":"<p>UEFA \u015eampiyonlar Ligi&#8217;ndeki Barcelona &#8211; Benfica ma\u00e7\u0131, oru\u00e7lu futbolcular i\u00e7in iki sefer durdu.<\/p>\n","protected":false},"author":1,"featured_media":28338,"comment_status":"open","ping_status":"open","sticky":false,"template":"","format":"standard","meta":{"footnotes":""},"categories":[25],"tags":[],"class_list":["post-28337","post","type-post","status-publish","format-standard","has-post-thumbnail","hentry","category-futbol"],"_links":{"self":[{"href":"https:\/\/haberbesiktas.tr\/index.php?rest_route=\/wp\/v2\/posts\/28337","targetHints":{"allow":["GET"]}}],"collection":[{"href":"https:\/\/haberbesiktas.tr\/index.php?rest_route=\/wp\/v2\/posts"}],"about":[{"href":"https:\/\/haberbesiktas.tr\/index.php?rest_route=\/wp\/v2\/types\/post"}],"author":[{"embeddable":true,"href":"https:\/\/haberbesiktas.tr\/index.php?rest_route=\/wp\/v2\/users\/1"}],"replies":[{"embeddable":true,"href":"https:\/\/haberbesiktas.tr\/index.php?rest_route=%2Fwp%2Fv2%2Fcomments&post=28337"}],"version-history":[{"count":1,"href":"https:\/\/haberbesiktas.tr\/index.php?rest_route=\/wp\/v2\/posts\/28337\/revisions"}],"predecessor-version":[{"id":28339,"href":"https:\/\/haberbesiktas.tr\/index.php?rest_route=\/wp\/v2\/posts\/28337\/revisions\/28339"}],"wp:featuredmedia":[{"embeddable":true,"href":"https:\/\/haberbesiktas.tr\/index.php?rest_route=\/wp\/v2\/media\/28338"}],"wp:attachment":[{"href":"https:\/\/haberbesiktas.tr\/index.php?rest_route=%2Fwp%2Fv2%2Fmedia&parent=28337"}],"wp:term":[{"taxonomy":"category","embeddable":true,"href":"https:\/\/haberbesiktas.tr\/index.php?rest_route=%2Fwp%2Fv2%2Fcategories&post=28337"},{"taxonomy":"post_tag","embeddable":true,"href":"https:\/\/haberbesiktas.tr\/index.php?rest_route=%2Fwp%2Fv2%2Ftags&post=28337"}],"curies":[{"name":"wp","href":"https:\/\/api.w.org\/{rel}","templated":true}]}}