{"id":2835,"date":"2025-01-11T18:06:45","date_gmt":"2025-01-11T18:06:45","guid":{"rendered":"https:\/\/haberbesiktas.tr\/?p=2835"},"modified":"2025-01-11T18:06:45","modified_gmt":"2025-01-11T18:06:45","slug":"goztepeye-18lik-santrafor","status":"publish","type":"post","link":"https:\/\/haberbesiktas.tr\/?p=2835","title":{"rendered":"G\u00f6ztepe&#8217;ye 18&#8217;lik santrafor"},"content":{"rendered":"<div><span>T<\/span>rendyol S\u00fcper Lig&#8217;de Galatasaray kar\u015f\u0131s\u0131nda oynad\u0131\u011f\u0131 oyun ile alk\u0131\u015f toplayan G\u00f6ztepe, kadrosu g\u00fc\u00e7lendirmek i\u00e7in gaza bast\u0131. <\/p>\n<p>Sar\u0131-k\u0131rm\u0131z\u0131l\u0131 tak\u0131m tercihini tekrar Brezilyal\u0131 oyunculardan kullanmak istiyor. <\/p>\n<p>\u0130zmir tak\u0131m\u0131, \u015fu anda Brezilya&#8217;n\u0131n en de\u011ferli kul\u00fcplerinden Palmeiras formas\u0131 giyen ve gelece\u011fin y\u0131ld\u0131zlar\u0131 ortas\u0131nda g\u00f6sterilen 18 ya\u015f\u0131ndaki santrfor Luighi Santos&#8217;u transfer etmek i\u00e7in harekete ge\u00e7ti.<\/p>\n<p><strong>SAKATLIKLAR CAN SIKIYOR<\/strong><\/p>\n<p>\u00d6n b\u00f6lgede Kubilay Kanats\u0131zku\u015f ve David Fofana&#8217;n\u0131n d\u00f6nemi kapatmas\u0131yla a\u011f\u0131r yara alan sar\u0131-k\u0131rm\u0131z\u0131l\u0131lar, devre ortas\u0131nda yapaca\u011f\u0131 desteklerle eski oyun sistemine d\u00f6nmek istiyor.<\/p>\n<div><strong>S\u00d6ZLE\u015eMES\u0130 2028&#8217;DE KADAR<\/strong><\/div>\n<p> Palmeiras ile mukavelesi Haziran 2028 y\u0131l\u0131na kadar s\u00fcren Luighi&#8217;nin yakla\u015f\u0131k 2.5 milyon Euro piyasa bedeli bulunuyor. <\/p>\n<p>Kendisini milletleraras\u0131 arenada g\u00f6stermek isteyen gen\u00e7 golc\u00fcn\u00fcn \u00dcst\u00fcn Lig&#8217;e uygun bir tercih olarak g\u00f6rebilece\u011fi tabir edildi. <\/p>\n<p>Ge\u00e7ti\u011fimiz g\u00fcnlerde Palmeiras idaresi ile masaya oturan Luighi orta periyotta talibi olmas\u0131 bonservis kolayl\u0131\u011f\u0131 g\u00f6sterilmesini talep etmi\u015fti. Basamaklar\u0131 birer birer \u00e7\u0131kan gen\u00e7 yetenek, Palmerias U17 Ekibi&#8217;nden A Gruba kadar y\u00fckselmeyi ba\u015fard\u0131.<\/p>\n<p> <strong>PARZAJUK ISRARI<\/strong><\/p>\n<p> \u0130zmir grubu, ge\u00e7ti\u011fimiz g\u00fcnlerde gen\u00e7 Paraguayl\u0131 oyuncu Kevin Parzajuk i\u00e7in nab\u0131z yoklam\u0131\u015ft\u0131. <\/p>\n<p>Transfer \u00e7al\u0131\u015fmalar\u0131n\u0131 aral\u0131ks\u0131z s\u00fcrd\u00fcren G\u00f6z-G\u00f6z&#8217;\u00fcn Parzajuk&#8217;tan vazge\u00e7medi\u011fi lakin ortaya di\u011fer kul\u00fcplerin girmesi nedeniyle transfer s\u00fcrecinin uzad\u0131\u011f\u0131 gelen bilgiler ortas\u0131nda. <\/p>\n<p>Son olarak Sport Republic kurmaylar\u0131, Club Olimpia&#8217;ya teklifini iletmi\u015f lakin devreye giren kul\u00fcplerin fiyat y\u00fckseltmesi sebebiyle transferde bir m\u00fcddetli\u011fine beklemeye ge\u00e7mi\u015fti. G\u00f6ztepe idaresinin gelecek hafta yine temasa ge\u00e7erek transferle ilgili olumlu yahut olumsuz bir karar almas\u0131 bekleniyor.<\/p>\n<div>\n<div>\n<div><strong>KUPADA RAK\u0130P DADA\u015e<\/strong><\/div>\n<\/p><\/div>\n<\/p><\/div>\n<p> Ziraat T\u00fcrkiye Kupas\u0131 B K\u00fcmesi&#8217;nde yer alan G\u00f6ztepe, per\u015fembe g\u00fcn\u00fc Trendyol 1. Lig tak\u0131mlar\u0131ndan Erzurumspor FK ile deplasmanda kar\u015f\u0131 kar\u015f\u0131ya gelecek. <\/p>\n<p>Kaz\u0131m Karabekir Stadyumu&#8217;nda oynanacak kar\u015f\u0131la\u015fma saat 13.00&#8217;te ba\u015flayacak. A Spor&#8217;dan yay\u0131nlanacak kar\u015f\u0131la\u015fmay\u0131 Yunus Dursun y\u00f6netecek. <\/p>\n<p>5. T\u0131p&#8217;ta Bucaspor 1928&#8217;i eleyerek k\u00fcmelere kalan \u0130zmir tak\u0131m\u0131, rakibini ma\u011flup ederek \u00e2l\u00e2 bir ba\u015flang\u0131\u00e7 yapmay\u0131 hedefliyor.<\/p>\n<p> <strong>3 EKS\u0130K VAR<\/strong><\/p>\n<p>G\u00f6ztepe&#8217;de sakatl\u0131klar\u0131 bulunan Datro Fofana, Kubilay Kanats\u0131zku\u015f ve Isaac Solet, Erzurumspor FK kar\u015f\u0131s\u0131nda forma giyemeyecek. Yedek y\u00fckl\u00fc bir tak\u0131m ile alana \u00e7\u0131kmas\u0131 beklenen G\u00f6z-G\u00f6z, Avrupa Kupalar\u0131 gayesi i\u00e7in kupa koznu da kullanmak istiyor.<\/p>\n<p> <strong>TEKN\u0130K HEYETTEN SARI KART UYARISI<\/strong><\/p>\n<p> S\u00fcper Lig&#8217;de Avrupa Kupalar\u0131&#8217;n\u0131 hedefleyen G\u00f6ztepe&#8217;ye pazartesi g\u00fcn\u00fc konutunda oynayaca\u011f\u0131 Kas\u0131mpa\u015fa ma\u00e7\u0131 \u00f6ncesi kart uyar\u0131s\u0131 geldi. Bulgar teknik y\u00f6netici Stanimir Stoilov, bilhassa 3&#8217;er sar\u0131 kart\u0131 bulunan Romulo Cardoso, Heliton ve Dennis&#8217;i kart g\u00f6rmemeleri konusunda uyard\u0131.<\/p>\n<\/div>\n","protected":false},"excerpt":{"rendered":"<p>G\u00f6ztepe golc\u00fc adaylar\u0131na yeni bir Brezilyal\u0131 ekledi. S\u00fcper Lig tak\u0131m\u0131, 18 ya\u015f\u0131ndaki oyuncu Luighi Santos ile ilgileniyor.<\/p>\n","protected":false},"author":1,"featured_media":2836,"comment_status":"open","ping_status":"open","sticky":false,"template":"","format":"standard","meta":{"footnotes":""},"categories":[25],"tags":[64,120,48],"class_list":["post-2835","post","type-post","status-publish","format-standard","has-post-thumbnail","hentry","category-futbol","tag-goztepe","tag-kupa","tag-transfer"],"_links":{"self":[{"href":"https:\/\/haberbesiktas.tr\/index.php?rest_route=\/wp\/v2\/posts\/2835","targetHints":{"allow":["GET"]}}],"collection":[{"href":"https:\/\/haberbesiktas.tr\/index.php?rest_route=\/wp\/v2\/posts"}],"about":[{"href":"https:\/\/haberbesiktas.tr\/index.php?rest_route=\/wp\/v2\/types\/post"}],"author":[{"embeddable":true,"href":"https:\/\/haberbesiktas.tr\/index.php?rest_route=\/wp\/v2\/users\/1"}],"replies":[{"embeddable":true,"href":"https:\/\/haberbesiktas.tr\/index.php?rest_route=%2Fwp%2Fv2%2Fcomments&post=2835"}],"version-history":[{"count":1,"href":"https:\/\/haberbesiktas.tr\/index.php?rest_route=\/wp\/v2\/posts\/2835\/revisions"}],"predecessor-version":[{"id":2837,"href":"https:\/\/haberbesiktas.tr\/index.php?rest_route=\/wp\/v2\/posts\/2835\/revisions\/2837"}],"wp:featuredmedia":[{"embeddable":true,"href":"https:\/\/haberbesiktas.tr\/index.php?rest_route=\/wp\/v2\/media\/2836"}],"wp:attachment":[{"href":"https:\/\/haberbesiktas.tr\/index.php?rest_route=%2Fwp%2Fv2%2Fmedia&parent=2835"}],"wp:term":[{"taxonomy":"category","embeddable":true,"href":"https:\/\/haberbesiktas.tr\/index.php?rest_route=%2Fwp%2Fv2%2Fcategories&post=2835"},{"taxonomy":"post_tag","embeddable":true,"href":"https:\/\/haberbesiktas.tr\/index.php?rest_route=%2Fwp%2Fv2%2Ftags&post=2835"}],"curies":[{"name":"wp","href":"https:\/\/api.w.org\/{rel}","templated":true}]}}