{"id":2838,"date":"2025-01-11T18:18:45","date_gmt":"2025-01-11T18:18:45","guid":{"rendered":"https:\/\/haberbesiktas.tr\/?p=2838"},"modified":"2025-01-11T18:18:45","modified_gmt":"2025-01-11T18:18:45","slug":"augusto-trabzonspor-yolcusu-olabilir","status":"publish","type":"post","link":"https:\/\/haberbesiktas.tr\/?p=2838","title":{"rendered":"Augusto Trabzonspor yolcusu olabilir"},"content":{"rendered":"<div>Karadeniz tak\u0131m\u0131 Trabzonspor&#8217;da tak\u0131m de\u011fi\u015fikli\u011fi i\u00e7in transfer \u00e7al\u0131\u015fmalar\u0131 s\u00fcr\u00fcyor. <\/p>\n<p>Bordo-mavili grupta bir \u00e7ok isim g\u00fcndeme gelirken, Corendon Alanyaspor&#8217;da forma giyen 24 ya\u015f\u0131ndaki futbolcu Loide Augusto da listede yerini ald\u0131. <\/p>\n<p>Sezon ba\u015f\u0131nda Alanyaspor&#8217;a imza atan sa\u011f kanat oyuncusu i\u00e7in Trabzonspor&#8217;un Alanyaspor idaresi ile temas kurmak istedi\u011fi \u00f6\u011frenildi.<\/p>\n<p> <strong>DE\u011eER\u0130 1.5 M\u0130LYON<\/strong><\/p>\n<p>G\u00fcncel piyasa bedeli 1,5 milyon Euro olan Angolal\u0131 oyuncu, bu d\u00f6nem Alanyaspor formas\u0131 ile 13 ma\u00e7a \u00e7\u0131kt\u0131 ve 1 gol, 4 asist kaydetti. Augusto&#8217;nun Alanyaspor&#8217;la 2027 y\u0131l\u0131na kadar mukavelesi bulunuyor.\u00a0<\/p>\n<p>(Kaynak: Yeni Alanya gazetesi)<\/p><\/div>\n","protected":false},"excerpt":{"rendered":"<p>Bu sezon ligde beklentilerin alt\u0131nda kalan Trabzonspor&#8217;da idare, ocakta ba\u015flayacak transfer d\u00f6neminde Alanyaspor&#8217;dan Augusto&#8217;yu transfer etmek istiyor.<\/p>\n","protected":false},"author":1,"featured_media":2839,"comment_status":"open","ping_status":"open","sticky":false,"template":"","format":"standard","meta":{"footnotes":""},"categories":[25],"tags":[296],"class_list":["post-2838","post","type-post","status-publish","format-standard","has-post-thumbnail","hentry","category-futbol","tag-alanyaspor"],"_links":{"self":[{"href":"https:\/\/haberbesiktas.tr\/index.php?rest_route=\/wp\/v2\/posts\/2838","targetHints":{"allow":["GET"]}}],"collection":[{"href":"https:\/\/haberbesiktas.tr\/index.php?rest_route=\/wp\/v2\/posts"}],"about":[{"href":"https:\/\/haberbesiktas.tr\/index.php?rest_route=\/wp\/v2\/types\/post"}],"author":[{"embeddable":true,"href":"https:\/\/haberbesiktas.tr\/index.php?rest_route=\/wp\/v2\/users\/1"}],"replies":[{"embeddable":true,"href":"https:\/\/haberbesiktas.tr\/index.php?rest_route=%2Fwp%2Fv2%2Fcomments&post=2838"}],"version-history":[{"count":1,"href":"https:\/\/haberbesiktas.tr\/index.php?rest_route=\/wp\/v2\/posts\/2838\/revisions"}],"predecessor-version":[{"id":2840,"href":"https:\/\/haberbesiktas.tr\/index.php?rest_route=\/wp\/v2\/posts\/2838\/revisions\/2840"}],"wp:featuredmedia":[{"embeddable":true,"href":"https:\/\/haberbesiktas.tr\/index.php?rest_route=\/wp\/v2\/media\/2839"}],"wp:attachment":[{"href":"https:\/\/haberbesiktas.tr\/index.php?rest_route=%2Fwp%2Fv2%2Fmedia&parent=2838"}],"wp:term":[{"taxonomy":"category","embeddable":true,"href":"https:\/\/haberbesiktas.tr\/index.php?rest_route=%2Fwp%2Fv2%2Fcategories&post=2838"},{"taxonomy":"post_tag","embeddable":true,"href":"https:\/\/haberbesiktas.tr\/index.php?rest_route=%2Fwp%2Fv2%2Ftags&post=2838"}],"curies":[{"name":"wp","href":"https:\/\/api.w.org\/{rel}","templated":true}]}}