{"id":2844,"date":"2025-01-11T18:43:15","date_gmt":"2025-01-11T18:43:15","guid":{"rendered":"https:\/\/haberbesiktas.tr\/?p=2844"},"modified":"2025-01-11T18:43:15","modified_gmt":"2025-01-11T18:43:15","slug":"bodrum-fkden-cenk-tosun-hamlesi","status":"publish","type":"post","link":"https:\/\/haberbesiktas.tr\/?p=2844","title":{"rendered":"Bodrum FK&#8217;den Cenk Tosun hamlesi!"},"content":{"rendered":"<div>Trendyol S\u00fcper Lig grubu Bodrumspor&#8217;da orta transfer \u00e7al\u0131\u015fmalar\u0131 s\u00fcrerken s\u00fcrpriz bir atak geldi.<\/p>\n<p> Sports Digitale&#8217;den Safa Can Konuksever&#8217;in haberine nazaran; <strong>Volkan Demirel&#8217;in \u00e7al\u0131\u015ft\u0131rd\u0131\u011f\u0131 kul\u00fcp, Fenerbah\u00e7e&#8217;de m\u00fchlet bulamayan Cenk Tosun&#8217;u tak\u0131m\u0131na katmak i\u00e7in te\u015febb\u00fcste bulundu.<\/strong><\/p>\n<p> Y\u0131ld\u0131z futbolcunun bu ay gruptan ayr\u0131l\u0131p ayr\u0131lmayaca\u011f\u0131 merakla bekleniyor.<\/p>\n<p> <strong>FENERBAH\u00c7E&#8217;DE NE YAPTI?<\/strong><\/p>\n<p> Cenk Tosun, bu d\u00f6nem Sar\u0131-Lacivertliler ile 9 resmi ma\u00e7ta oynad\u0131 ve toplamda yaln\u0131zca 97 dakika m\u00fchlet alabildi.\u00a0<\/p>\n<\/div>\n","protected":false},"excerpt":{"rendered":"<p>S\u00fcper Lig gruplar\u0131ndan Bodrumspor, Fenerbah\u00e7e&#8217;den Cenk Tosun&#8217;u kiral\u0131k olarak tak\u0131m\u0131na katmak istiyor.<\/p>\n","protected":false},"author":1,"featured_media":0,"comment_status":"open","ping_status":"open","sticky":false,"template":"","format":"standard","meta":{"footnotes":""},"categories":[25],"tags":[],"class_list":["post-2844","post","type-post","status-publish","format-standard","hentry","category-futbol"],"_links":{"self":[{"href":"https:\/\/haberbesiktas.tr\/index.php?rest_route=\/wp\/v2\/posts\/2844","targetHints":{"allow":["GET"]}}],"collection":[{"href":"https:\/\/haberbesiktas.tr\/index.php?rest_route=\/wp\/v2\/posts"}],"about":[{"href":"https:\/\/haberbesiktas.tr\/index.php?rest_route=\/wp\/v2\/types\/post"}],"author":[{"embeddable":true,"href":"https:\/\/haberbesiktas.tr\/index.php?rest_route=\/wp\/v2\/users\/1"}],"replies":[{"embeddable":true,"href":"https:\/\/haberbesiktas.tr\/index.php?rest_route=%2Fwp%2Fv2%2Fcomments&post=2844"}],"version-history":[{"count":1,"href":"https:\/\/haberbesiktas.tr\/index.php?rest_route=\/wp\/v2\/posts\/2844\/revisions"}],"predecessor-version":[{"id":2845,"href":"https:\/\/haberbesiktas.tr\/index.php?rest_route=\/wp\/v2\/posts\/2844\/revisions\/2845"}],"wp:attachment":[{"href":"https:\/\/haberbesiktas.tr\/index.php?rest_route=%2Fwp%2Fv2%2Fmedia&parent=2844"}],"wp:term":[{"taxonomy":"category","embeddable":true,"href":"https:\/\/haberbesiktas.tr\/index.php?rest_route=%2Fwp%2Fv2%2Fcategories&post=2844"},{"taxonomy":"post_tag","embeddable":true,"href":"https:\/\/haberbesiktas.tr\/index.php?rest_route=%2Fwp%2Fv2%2Ftags&post=2844"}],"curies":[{"name":"wp","href":"https:\/\/api.w.org\/{rel}","templated":true}]}}