{"id":28465,"date":"2025-05-09T20:24:18","date_gmt":"2025-05-09T20:24:18","guid":{"rendered":"https:\/\/haberbesiktas.tr\/?p=28465"},"modified":"2025-05-09T20:24:18","modified_gmt":"2025-05-09T20:24:18","slug":"galatasaraydan-didier-drogbaya-kutlama-yok","status":"publish","type":"post","link":"https:\/\/haberbesiktas.tr\/?p=28465","title":{"rendered":"Galatasaray&#8217;dan Didier Drogba&#8217;ya kutlama yok"},"content":{"rendered":"<div>Galatasaray, Jose Mourinho&#8217;nun &#8220;\u0131rk\u00e7\u0131l\u0131k&#8221; tart\u0131\u015fmalar\u0131yla g\u00fcndeme gelen kelamlar\u0131na dayanak veren Didier Drogba&#8217;n\u0131n bu y\u0131lki do\u011fum g\u00fcn\u00fcn\u00fc kutlamad\u0131. <\/p>\n<p>Sar\u0131-k\u0131rm\u0131z\u0131l\u0131 kul\u00fcp, ge\u00e7ti\u011fimiz y\u0131l efsane futbolcusunun do\u011fum g\u00fcn\u00fcn\u00fc \u00f6zel bir iletiyle kutlam\u0131\u015fken, bu y\u0131l sessiz kalmas\u0131 dikkat \u00e7ekti.<\/p>\n<p> Olaylar, Fenerbah\u00e7e Teknik Y\u00f6neticisi Jose Mourinho&#8217;nun Galatasaray kul\u00fcbesinin reaksiyonlar\u0131na y\u00f6nelik olarak &#8220;Maymun \u00fczere z\u0131plad\u0131lar&#8221; kelamlar\u0131n\u0131 sarf etmesiyle ba\u015flad\u0131. Bu tabirler, sar\u0131-k\u0131rm\u0131z\u0131l\u0131 toplulukta b\u00fcy\u00fck reaksiyon \u00e7ekerken, Galatasaray idaresi Mourinho&#8217;yu UEFA&#8217;ya \u015fikayet edece\u011fini duyurdu.<\/p>\n<p> Bu s\u00fcre\u00e7te, eski Galatasarayl\u0131 futbolcu Didier Drogba&#8217;n\u0131n Mourinho&#8217;ya takviye vermesi, taraftarlar ortas\u0131nda b\u00fcy\u00fck yank\u0131 uyand\u0131rd\u0131.<\/p>\n<p> <span><strong>DIDIER DROGBA NE DEM\u0130\u015eT\u0130?<\/strong><\/span><\/p>\n<p> Drogba, toplumsal medya hesab\u0131ndan yapt\u0131\u011f\u0131 a\u00e7\u0131klamada, Mourinho&#8217;nun \u0131rk\u00e7\u0131 olmad\u0131\u011f\u0131n\u0131 savunarak \u015fu tabirleri kulland\u0131:<\/p>\n<p> &#8220;Sar\u0131-k\u0131rm\u0131z\u0131 formay\u0131 giymekten ne kadar gurur duydu\u011fumu ve T\u00fcrkiye&#8217;nin en \u00e7ok kupa kazanan kul\u00fcb\u00fcne olan sevgimi hepiniz biliyorsunuz! Hepimiz biliyoruz ki rekabetler tutkulu ve vakit zaman \u00e7ok hararetli olabiliyor. Jose Mourinho hakk\u0131ndaki son yorumlar\u0131 g\u00f6rd\u00fcm. Bana inanc\u0131n, onu y\u0131llard\u0131r tan\u0131yorum ve kendisi asla \u0131rk\u00e7\u0131 biri de\u011fil. Ge\u00e7mi\u015fi ve yak\u0131n periyottaki tarihi de bunu kan\u0131tl\u0131yor.&#8221;<\/p>\n<p> <span><strong>GE\u00c7EN YIL KUTLANMI\u015eTI, BU YIL SESS\u0130Z KALINDI<\/strong><\/span><\/p>\n<p> Galatasaray Kul\u00fcb\u00fc, ge\u00e7ti\u011fimiz y\u0131l Drogba&#8217;n\u0131n do\u011fum g\u00fcn\u00fcn\u00fc &#8220;Unutulmaz futbolcumuz Didier Drogba&#8217;n\u0131n do\u011fum g\u00fcn\u00fc!&#8221; s\u00f6zleriyle kutlam\u0131\u015ft\u0131. Lakin bu y\u0131l, kul\u00fcb\u00fcn toplumsal medya hesaplar\u0131ndan Drogba ile ilgili hi\u00e7bir payla\u015f\u0131m yap\u0131lmad\u0131.<\/p>\n<p> Bu durum, sar\u0131-k\u0131rm\u0131z\u0131l\u0131 toplulu\u011fun Drogba&#8217;n\u0131n Mourinho&#8217;ya verdi\u011fi takviyeden rahats\u0131z oldu\u011funu ve bu y\u00fczden onu g\u00f6rmezden geldi\u011fini d\u00fc\u015f\u00fcnd\u00fcrd\u00fc.<\/p>\n<p> <span><strong>DIDIER DROGBA&#8217;DAN G\u00d6NDERME<\/strong><\/span><\/p>\n<p>Fildi\u015fili y\u0131ld\u0131z Galatasaray&#8217;\u0131n ge\u00e7en y\u0131lki payla\u015f\u0131m\u0131n\u0131 toplumsal medya hesab\u0131ndan al\u0131nt\u0131layarak g\u00f6nderme yapt\u0131.<\/p>\n<p><img decoding=\"async\" src=\"https:\/\/haberbesiktas.tr\/wp-content\/uploads\/2025\/05\/galatasaraydan-didier-drogbaya-kutlama-yok-0-cplEzl74.jpeg\"\/><\/p>\n<p> <strong>TARAFTARLARDAN B\u00dcY\u00dcK TEPK\u0130<\/strong><\/p>\n<p> Drogba&#8217;n\u0131n Mourinho&#8217;ya dayanak vermesi, Galatasarayl\u0131 taraftarlar taraf\u0131ndan sert tenkitlere maruz kald\u0131. Toplumsal medyada, efsane futbolcunun sar\u0131-k\u0131rm\u0131z\u0131l\u0131 kul\u00fcbe olan ba\u011fl\u0131l\u0131\u011f\u0131 sorgulan\u0131rken, kimi taraftarlar Drogba&#8217;n\u0131n Galatasaray&#8217;\u0131 b\u00fcsb\u00fct\u00fcn g\u00f6z arkas\u0131 etti\u011fini savundu.<\/p>\n<\/div>\n","protected":false},"excerpt":{"rendered":"<p>Galatasaray &#8216;\u0131rk\u00e7\u0131l\u0131k&#8217; krizinde Mourinho&#8217;yu savunan eski oyuncusu Didier Drogba&#8217;n\u0131n do\u011fum g\u00fcn\u00fcn\u00fc kutlamad\u0131. Fildi\u015fili y\u0131ld\u0131z Galatasaray&#8217;\u0131n ge\u00e7en y\u0131lki payla\u015f\u0131m\u0131n\u0131 al\u0131nt\u0131layarak g\u00f6nderme yapt\u0131.<\/p>\n","protected":false},"author":1,"featured_media":28466,"comment_status":"open","ping_status":"open","sticky":false,"template":"","format":"standard","meta":{"footnotes":""},"categories":[25],"tags":[129,704],"class_list":["post-28465","post","type-post","status-publish","format-standard","has-post-thumbnail","hentry","category-futbol","tag-galatasaray","tag-mourinho"],"_links":{"self":[{"href":"https:\/\/haberbesiktas.tr\/index.php?rest_route=\/wp\/v2\/posts\/28465","targetHints":{"allow":["GET"]}}],"collection":[{"href":"https:\/\/haberbesiktas.tr\/index.php?rest_route=\/wp\/v2\/posts"}],"about":[{"href":"https:\/\/haberbesiktas.tr\/index.php?rest_route=\/wp\/v2\/types\/post"}],"author":[{"embeddable":true,"href":"https:\/\/haberbesiktas.tr\/index.php?rest_route=\/wp\/v2\/users\/1"}],"replies":[{"embeddable":true,"href":"https:\/\/haberbesiktas.tr\/index.php?rest_route=%2Fwp%2Fv2%2Fcomments&post=28465"}],"version-history":[{"count":1,"href":"https:\/\/haberbesiktas.tr\/index.php?rest_route=\/wp\/v2\/posts\/28465\/revisions"}],"predecessor-version":[{"id":28468,"href":"https:\/\/haberbesiktas.tr\/index.php?rest_route=\/wp\/v2\/posts\/28465\/revisions\/28468"}],"wp:featuredmedia":[{"embeddable":true,"href":"https:\/\/haberbesiktas.tr\/index.php?rest_route=\/wp\/v2\/media\/28466"}],"wp:attachment":[{"href":"https:\/\/haberbesiktas.tr\/index.php?rest_route=%2Fwp%2Fv2%2Fmedia&parent=28465"}],"wp:term":[{"taxonomy":"category","embeddable":true,"href":"https:\/\/haberbesiktas.tr\/index.php?rest_route=%2Fwp%2Fv2%2Fcategories&post=28465"},{"taxonomy":"post_tag","embeddable":true,"href":"https:\/\/haberbesiktas.tr\/index.php?rest_route=%2Fwp%2Fv2%2Ftags&post=28465"}],"curies":[{"name":"wp","href":"https:\/\/api.w.org\/{rel}","templated":true}]}}