{"id":28472,"date":"2025-05-09T20:48:18","date_gmt":"2025-05-09T20:48:18","guid":{"rendered":"https:\/\/haberbesiktas.tr\/?p=28472"},"modified":"2025-05-09T20:48:18","modified_gmt":"2025-05-09T20:48:18","slug":"saint-maximinden-mourinhonun-karari-sonrasi-paylasim","status":"publish","type":"post","link":"https:\/\/haberbesiktas.tr\/?p=28472","title":{"rendered":"Saint-Maximin&#8217;den Mourinho&#8217;nun karar\u0131 sonras\u0131 payla\u015f\u0131m"},"content":{"rendered":"<div>Fenerbah\u00e7e&#8217;nin Glasgow Rangers ile oynayaca\u011f\u0131 UEFA Avrupa Ligi Son 16 \u00c7e\u015fidi r\u00f6van\u015f ma\u00e7\u0131 kamp tak\u0131m\u0131na dahil edilmeyen Allan Saint-Maximin, payla\u015f\u0131m yapt\u0131.<\/p>\n<p> Maximin, &#8220;<strong>Beni y\u0131kmak i\u00e7in bundan daha fazlas\u0131 gerekecek\u2026 Palavra asans\u00f6re bindi\u011finde, ger\u00e7ek merdivenleri \u00e7\u0131kar; daha uzun s\u00fcrer ancak sonunda her vakit var\u0131r. \u015eayet \u0130lah bizimle ise, kim bize kar\u015f\u0131 olabilir?<\/strong>&#8221; diyerek \u0130ncil&#8217;den bir pasaj payla\u015ft\u0131.<\/p>\n<p> Rangers ile oynanan birinci ma\u00e7\u0131n son 36 dakikas\u0131nda vazife alan Maximin, skora tesir edemedi.<\/p>\n<p> Bu d\u00f6nem 26 sefer Fenerbah\u00e7e formas\u0131 giyen Frans\u0131z oyuncu, 3 gol at\u0131p 4 asist yapt\u0131.<\/p>\n<p><img decoding=\"async\" src=\"https:\/\/haberbesiktas.tr\/wp-content\/uploads\/2025\/05\/saint-maximinden-mourinhonun-karari-sonrasi-paylasim-0-jp3agGgK.jpg\"\/><\/p>\n<\/div>\n","protected":false},"excerpt":{"rendered":"<p>Allan Saint-Maximin, Fenerbah\u00e7e&#8217;nin Glasgow Rangers ile oynayaca\u011f\u0131 r\u00f6van\u015f ma\u00e7\u0131n\u0131n tak\u0131m\u0131na al\u0131nmad\u0131 ve payla\u015f\u0131m yapt\u0131.<\/p>\n","protected":false},"author":1,"featured_media":28473,"comment_status":"open","ping_status":"open","sticky":false,"template":"","format":"standard","meta":{"footnotes":""},"categories":[25],"tags":[],"class_list":["post-28472","post","type-post","status-publish","format-standard","has-post-thumbnail","hentry","category-futbol"],"_links":{"self":[{"href":"https:\/\/haberbesiktas.tr\/index.php?rest_route=\/wp\/v2\/posts\/28472","targetHints":{"allow":["GET"]}}],"collection":[{"href":"https:\/\/haberbesiktas.tr\/index.php?rest_route=\/wp\/v2\/posts"}],"about":[{"href":"https:\/\/haberbesiktas.tr\/index.php?rest_route=\/wp\/v2\/types\/post"}],"author":[{"embeddable":true,"href":"https:\/\/haberbesiktas.tr\/index.php?rest_route=\/wp\/v2\/users\/1"}],"replies":[{"embeddable":true,"href":"https:\/\/haberbesiktas.tr\/index.php?rest_route=%2Fwp%2Fv2%2Fcomments&post=28472"}],"version-history":[{"count":1,"href":"https:\/\/haberbesiktas.tr\/index.php?rest_route=\/wp\/v2\/posts\/28472\/revisions"}],"predecessor-version":[{"id":28475,"href":"https:\/\/haberbesiktas.tr\/index.php?rest_route=\/wp\/v2\/posts\/28472\/revisions\/28475"}],"wp:featuredmedia":[{"embeddable":true,"href":"https:\/\/haberbesiktas.tr\/index.php?rest_route=\/wp\/v2\/media\/28473"}],"wp:attachment":[{"href":"https:\/\/haberbesiktas.tr\/index.php?rest_route=%2Fwp%2Fv2%2Fmedia&parent=28472"}],"wp:term":[{"taxonomy":"category","embeddable":true,"href":"https:\/\/haberbesiktas.tr\/index.php?rest_route=%2Fwp%2Fv2%2Fcategories&post=28472"},{"taxonomy":"post_tag","embeddable":true,"href":"https:\/\/haberbesiktas.tr\/index.php?rest_route=%2Fwp%2Fv2%2Ftags&post=28472"}],"curies":[{"name":"wp","href":"https:\/\/api.w.org\/{rel}","templated":true}]}}