{"id":28485,"date":"2025-05-09T21:36:14","date_gmt":"2025-05-09T21:36:14","guid":{"rendered":"https:\/\/haberbesiktas.tr\/?p=28485"},"modified":"2025-05-09T21:36:14","modified_gmt":"2025-05-09T21:36:14","slug":"lakers-celtics-maci-son-7-yilin-en-cok-izlenen-normal-sezon-karsilasmasi-oldu","status":"publish","type":"post","link":"https:\/\/haberbesiktas.tr\/?p=28485","title":{"rendered":"Lakers-Celtics ma\u00e7\u0131, son 7 y\u0131l\u0131n en \u00e7ok izlenen normal sezon kar\u015f\u0131la\u015fmas\u0131 oldu"},"content":{"rendered":"<div>Los Angeles Lakers ile Boston Celtics ortas\u0131nda ge\u00e7ti\u011fimiz Cumartesi gecesi oynanan m\u00fcsabaka, NBA ola\u011fan d\u00f6neminde (Noel G\u00fcn\u00fc ma\u00e7lar\u0131 hari\u00e7) son yedi y\u0131l\u0131n en y\u00fcksek izlenme oran\u0131na ula\u015fan ma\u00e7\u0131 oldu.<\/p>\n<p> Lig taraf\u0131ndan yap\u0131lan a\u00e7\u0131klamaya nazaran, ABC ekranlar\u0131nda yay\u0131nlanan \u00e7abay\u0131 ortalama 4.61 milyon ki\u015fi izlerken, tepe an\u0131nda 5.3 milyon izleyiciye ula\u015f\u0131ld\u0131.<\/p>\n<p> Bu m\u00fcsabaka, ge\u00e7en y\u0131l\u0131n t\u0131pk\u0131 vakit dilimine nazaran %92 oran\u0131nda daha fazla izlendi ve Cumartesi gecesi prime-time jenerasyonunun en \u00e7ok izlenen program\u0131 oldu.<\/p>\n<p> NBA, ge\u00e7ti\u011fimiz yaz Disney, NBC ve Amazon Prime G\u00f6r\u00fcnt\u00fc ile 11 y\u0131l ve 76 milyar dolarl\u0131k bir medya haklar\u0131 mutabakat\u0131 imzalam\u0131\u015ft\u0131. 2025-26 d\u00f6neminden itibaren ge\u00e7erli olacak mutabakat kapsam\u0131nda, NBA Finalleri ve NBA Draft&#8217;\u0131 ESPN ve ABC ekranlar\u0131nda yay\u0131nlanmaya devam edecek.<\/p>\n<p> \u00d6te yandan, Lakers&#8217;\u0131n y\u0131ld\u0131z\u0131 LeBron James, bu ma\u00e7ta d\u00f6rd\u00fcnc\u00fc \u00e7eyrekte ya\u015fad\u0131\u011f\u0131 kas\u0131k sakatl\u0131\u011f\u0131 nedeniyle 1-2 hafta alanlardan uzak kalacak. Los Angeles grubu, James&#8217;in yoklu\u011fundaki birinci ma\u00e7\u0131nda Brooklyn Nets&#8217;e 111-108 ma\u011flup oldu.<\/p>\n<p> Celtics ve Lakers, ola\u011fan d\u00f6nemde bir daha kar\u015f\u0131la\u015fmayacak. Fakat her iki grup da NBA Finalleri&#8217;ne kal\u0131rsa tekrar kozlar\u0131n\u0131 payla\u015fabilir.<\/p>\n<\/div>\n","protected":false},"excerpt":{"rendered":"<p>Los Angeles Lakers ile Boston Celtics ortas\u0131nda ge\u00e7ti\u011fimiz Cumartesi gecesi oynanan m\u00fcsabaka, NBA ola\u011fan d\u00f6neminde (Noel G\u00fcn\u00fc ma\u00e7lar\u0131 hari\u00e7) son yedi y\u0131l\u0131n en y\u00fcksek izlenme oran\u0131na ula\u015fan ma\u00e7\u0131 oldu.<\/p>\n","protected":false},"author":1,"featured_media":28486,"comment_status":"open","ping_status":"open","sticky":false,"template":"","format":"standard","meta":{"footnotes":""},"categories":[10],"tags":[142],"class_list":["post-28485","post","type-post","status-publish","format-standard","has-post-thumbnail","hentry","category-basketbol","tag-nba"],"_links":{"self":[{"href":"https:\/\/haberbesiktas.tr\/index.php?rest_route=\/wp\/v2\/posts\/28485","targetHints":{"allow":["GET"]}}],"collection":[{"href":"https:\/\/haberbesiktas.tr\/index.php?rest_route=\/wp\/v2\/posts"}],"about":[{"href":"https:\/\/haberbesiktas.tr\/index.php?rest_route=\/wp\/v2\/types\/post"}],"author":[{"embeddable":true,"href":"https:\/\/haberbesiktas.tr\/index.php?rest_route=\/wp\/v2\/users\/1"}],"replies":[{"embeddable":true,"href":"https:\/\/haberbesiktas.tr\/index.php?rest_route=%2Fwp%2Fv2%2Fcomments&post=28485"}],"version-history":[{"count":1,"href":"https:\/\/haberbesiktas.tr\/index.php?rest_route=\/wp\/v2\/posts\/28485\/revisions"}],"predecessor-version":[{"id":28487,"href":"https:\/\/haberbesiktas.tr\/index.php?rest_route=\/wp\/v2\/posts\/28485\/revisions\/28487"}],"wp:featuredmedia":[{"embeddable":true,"href":"https:\/\/haberbesiktas.tr\/index.php?rest_route=\/wp\/v2\/media\/28486"}],"wp:attachment":[{"href":"https:\/\/haberbesiktas.tr\/index.php?rest_route=%2Fwp%2Fv2%2Fmedia&parent=28485"}],"wp:term":[{"taxonomy":"category","embeddable":true,"href":"https:\/\/haberbesiktas.tr\/index.php?rest_route=%2Fwp%2Fv2%2Fcategories&post=28485"},{"taxonomy":"post_tag","embeddable":true,"href":"https:\/\/haberbesiktas.tr\/index.php?rest_route=%2Fwp%2Fv2%2Ftags&post=28485"}],"curies":[{"name":"wp","href":"https:\/\/api.w.org\/{rel}","templated":true}]}}