{"id":28509,"date":"2025-05-09T23:12:16","date_gmt":"2025-05-09T23:12:16","guid":{"rendered":"https:\/\/haberbesiktas.tr\/?p=28509"},"modified":"2025-05-09T23:12:16","modified_gmt":"2025-05-09T23:12:16","slug":"fenerbahce-beko-euroleaguede-asveli-konuk-edecek","status":"publish","type":"post","link":"https:\/\/haberbesiktas.tr\/?p=28509","title":{"rendered":"Fenerbah\u00e7e Beko, EuroLeague&#8217;de Asvel&#8217;i konuk edecek"},"content":{"rendered":"<div>\n<p>Fenerbah\u00e7e Beko, THY Euroleague&#8217;nin 29. haftas\u0131nda 13 Mart Per\u015fembe g\u00fcn\u00fc Fransa&#8217;n\u0131n LDLC Asvel kadrosunu konuk edecek.\u00a0<\/p>\n<p> \u00dclker Spor ve Aktiflik Salonu&#8217;ndaki m\u00fcsabaka, saat 20.45&#8217;te ba\u015flayacak.\u00a0<\/p>\n<p> Sar\u0131-lacivertliler, ligde oynad\u0131\u011f\u0131 28 ma\u00e7ta 19 galibiyet, 9 yenilgilik performansla ikinci basamakta bulunuyor.\u00a0<\/p>\n<p> Tertipte 11 galibiyet, 17 yenilgisi bulunan Frans\u0131z grubu ise 15. s\u0131rada yer al\u0131yor.\u00a0<\/p>\n<p> Fenerbah\u00e7e Beko, iki kadro ortas\u0131nda oynanan son m\u00fcsabakay\u0131 77-73 kazand\u0131.<\/p>\n<p> \u00a0<\/p>\n<\/div>\n","protected":false},"excerpt":{"rendered":"<p>Fenerbah\u00e7e Beko, THY Avrupa Ligi&#8217;nde 13 Mart Per\u015fembe g\u00fcn\u00fc LDLC Asvel ekibini a\u011f\u0131rlayacak.<\/p>\n","protected":false},"author":1,"featured_media":28510,"comment_status":"open","ping_status":"open","sticky":false,"template":"","format":"standard","meta":{"footnotes":""},"categories":[10],"tags":[],"class_list":["post-28509","post","type-post","status-publish","format-standard","has-post-thumbnail","hentry","category-basketbol"],"_links":{"self":[{"href":"https:\/\/haberbesiktas.tr\/index.php?rest_route=\/wp\/v2\/posts\/28509","targetHints":{"allow":["GET"]}}],"collection":[{"href":"https:\/\/haberbesiktas.tr\/index.php?rest_route=\/wp\/v2\/posts"}],"about":[{"href":"https:\/\/haberbesiktas.tr\/index.php?rest_route=\/wp\/v2\/types\/post"}],"author":[{"embeddable":true,"href":"https:\/\/haberbesiktas.tr\/index.php?rest_route=\/wp\/v2\/users\/1"}],"replies":[{"embeddable":true,"href":"https:\/\/haberbesiktas.tr\/index.php?rest_route=%2Fwp%2Fv2%2Fcomments&post=28509"}],"version-history":[{"count":1,"href":"https:\/\/haberbesiktas.tr\/index.php?rest_route=\/wp\/v2\/posts\/28509\/revisions"}],"predecessor-version":[{"id":28511,"href":"https:\/\/haberbesiktas.tr\/index.php?rest_route=\/wp\/v2\/posts\/28509\/revisions\/28511"}],"wp:featuredmedia":[{"embeddable":true,"href":"https:\/\/haberbesiktas.tr\/index.php?rest_route=\/wp\/v2\/media\/28510"}],"wp:attachment":[{"href":"https:\/\/haberbesiktas.tr\/index.php?rest_route=%2Fwp%2Fv2%2Fmedia&parent=28509"}],"wp:term":[{"taxonomy":"category","embeddable":true,"href":"https:\/\/haberbesiktas.tr\/index.php?rest_route=%2Fwp%2Fv2%2Fcategories&post=28509"},{"taxonomy":"post_tag","embeddable":true,"href":"https:\/\/haberbesiktas.tr\/index.php?rest_route=%2Fwp%2Fv2%2Ftags&post=28509"}],"curies":[{"name":"wp","href":"https:\/\/api.w.org\/{rel}","templated":true}]}}