{"id":28512,"date":"2025-05-09T23:24:19","date_gmt":"2025-05-09T23:24:19","guid":{"rendered":"https:\/\/haberbesiktas.tr\/?p=28512"},"modified":"2025-05-09T23:24:19","modified_gmt":"2025-05-09T23:24:19","slug":"misirda-yabanci-hakem-krizi-derbiye-cikmadilar","status":"publish","type":"post","link":"https:\/\/haberbesiktas.tr\/?p=28512","title":{"rendered":"M\u0131s\u0131r&#8217;da yabanc\u0131 hakem krizi; derbiye \u00e7\u0131kmad\u0131lar"},"content":{"rendered":"<div>M\u0131s\u0131r futbolunun en b\u00fcy\u00fck derbisi, yabanc\u0131 hakem gelmemesi nedeniyle oynanamad\u0131.<\/p>\n<p> Al Ahly kul\u00fcb\u00fc, M\u0131s\u0131r Premier Ligi&#8217;nde Zamalek ile oynayaca\u011f\u0131 Kahire derbisine yabanc\u0131 hakem atanmamas\u0131 nedeniyle alana \u00e7\u0131kmad\u0131.<\/p>\n<p> Al Ahly&#8217;den yap\u0131lan a\u00e7\u0131klamada, derbiyi yabanc\u0131 bir hakemin y\u00f6netmemesi halinde ligdeki ma\u00e7lara \u00e7\u0131kmayaca\u011f\u0131 belirtilmi\u015fti. Al Ahly Kul\u00fcb\u00fc, federasyon taraf\u0131ndan yabanc\u0131 hakem g\u00f6revlendirilmemesi \u00fczerine Zamalek derbisine \u00e7\u0131kmad\u0131.<\/p>\n<p> <strong>BAKAN DEVREYE G\u0130RD\u0130; Y\u0130NE DE OLMADI<\/strong><\/p>\n<p> Ma\u00e7tan evvel M\u0131s\u0131r Gen\u00e7lik ve Spor Bakan\u0131 Ashraf Sobhi devreye girerek sorunu \u00e7\u00f6zmeye \u00e7al\u0131\u015ft\u0131. Lakin t\u00fcm eforlara kar\u015f\u0131n Al Ahly, Kahire Stadyumu&#8217;na gitmeyi reddetti.<\/p>\n<p> <strong>3-0 H\u00dcKMEN KARARI<\/strong><\/p>\n<p> Gayret, Zamalek Kul\u00fcb\u00fc&#8217;n\u00fcn 3-0 h\u00fckmen lehine galibiyeti olarak ilan edildi.<\/p>\n<p> M\u0131s\u0131r Futbol Federasyonu&#8217;nun Al Ahly&#8217;e 3-0 h\u00fckmen d\u0131\u015f\u0131nda nas\u0131l bir yapt\u0131r\u0131m uygulayaca\u011f\u0131 merakla bekleniyor.<\/p>\n<\/div>\n","protected":false},"excerpt":{"rendered":"<p>M\u0131s\u0131r&#8217;\u0131n en b\u00fcy\u00fck derbisinde Al Ahly, yabanc\u0131 hakem getirilmemesi nedeniyle Zamalek ma\u00e7\u0131na \u00e7\u0131kmad\u0131.<\/p>\n","protected":false},"author":1,"featured_media":28513,"comment_status":"open","ping_status":"open","sticky":false,"template":"","format":"standard","meta":{"footnotes":""},"categories":[25],"tags":[2430],"class_list":["post-28512","post","type-post","status-publish","format-standard","has-post-thumbnail","hentry","category-futbol","tag-al-ahly"],"_links":{"self":[{"href":"https:\/\/haberbesiktas.tr\/index.php?rest_route=\/wp\/v2\/posts\/28512","targetHints":{"allow":["GET"]}}],"collection":[{"href":"https:\/\/haberbesiktas.tr\/index.php?rest_route=\/wp\/v2\/posts"}],"about":[{"href":"https:\/\/haberbesiktas.tr\/index.php?rest_route=\/wp\/v2\/types\/post"}],"author":[{"embeddable":true,"href":"https:\/\/haberbesiktas.tr\/index.php?rest_route=\/wp\/v2\/users\/1"}],"replies":[{"embeddable":true,"href":"https:\/\/haberbesiktas.tr\/index.php?rest_route=%2Fwp%2Fv2%2Fcomments&post=28512"}],"version-history":[{"count":1,"href":"https:\/\/haberbesiktas.tr\/index.php?rest_route=\/wp\/v2\/posts\/28512\/revisions"}],"predecessor-version":[{"id":28514,"href":"https:\/\/haberbesiktas.tr\/index.php?rest_route=\/wp\/v2\/posts\/28512\/revisions\/28514"}],"wp:featuredmedia":[{"embeddable":true,"href":"https:\/\/haberbesiktas.tr\/index.php?rest_route=\/wp\/v2\/media\/28513"}],"wp:attachment":[{"href":"https:\/\/haberbesiktas.tr\/index.php?rest_route=%2Fwp%2Fv2%2Fmedia&parent=28512"}],"wp:term":[{"taxonomy":"category","embeddable":true,"href":"https:\/\/haberbesiktas.tr\/index.php?rest_route=%2Fwp%2Fv2%2Fcategories&post=28512"},{"taxonomy":"post_tag","embeddable":true,"href":"https:\/\/haberbesiktas.tr\/index.php?rest_route=%2Fwp%2Fv2%2Ftags&post=28512"}],"curies":[{"name":"wp","href":"https:\/\/api.w.org\/{rel}","templated":true}]}}