{"id":28515,"date":"2025-05-09T23:36:23","date_gmt":"2025-05-09T23:36:23","guid":{"rendered":"https:\/\/haberbesiktas.tr\/?p=28515"},"modified":"2025-05-09T23:36:23","modified_gmt":"2025-05-09T23:36:23","slug":"samsunspordan-fenerbahce-maci-aciklamasi","status":"publish","type":"post","link":"https:\/\/haberbesiktas.tr\/?p=28515","title":{"rendered":"Samsunspor&#8217;dan Fenerbah\u00e7e ma\u00e7\u0131 a\u00e7\u0131klamas\u0131"},"content":{"rendered":"<div>Samsunspor Lider Vekili Veysel Bilen, Muhte\u015fem Lig&#8217;in 27&#8217;nci haftas\u0131nda oynanan Adana Demirspor ve gelecek hafta deplasmanda oynayacaklar\u0131 Fenerbah\u00e7e m\u00fcsabakalar\u0131 i\u00e7in Nuri Asan Tesisleri&#8217;nde DHA&#8217;ya a\u00e7\u0131klamalarda bulundu.<\/p>\n<p> \u00dc\u00e7\u00fcnc\u00fcl\u00fck yar\u0131\u015f\u0131nda rakiplerinden s\u0131yr\u0131larak bir dahaki sene Avrupa kupalar\u0131nda oynamak istediklerini belirten Veysel Bilen, <strong>&#8220;3, 4 ve 5&#8217;incilik i\u00e7in de bize nazaran Samsunspor, Be\u015fikta\u015f ve Ey\u00fcpspor ekipleri \u00e7eki\u015fecek \u00fczere g\u00f6z\u00fck\u00fcyor. Biz bunlar\u0131n ortas\u0131ndan s\u0131yr\u0131lmak istiyoruz.<\/strong> Bunu da ger\u00e7ekle\u015ftirebilmek i\u00e7in her ma\u00e7tan puan almak \u00fczere bir niyetimiz var. Bu nedenle Fenerbah\u00e7e ma\u00e7\u0131n\u0131n de\u011ferini biliyoruz. Yar\u0131ndan itibaren bir g\u00fcnl\u00fck izinin akabinde Fenerbah\u00e7e ma\u00e7\u0131 i\u00e7in a\u011f\u0131r bir tempo ile \u00e7al\u0131\u015fmalar\u0131m\u0131za ba\u015flayaca\u011f\u0131z&#8221; diye konu\u015ftu.<\/p>\n<p> <strong>&#8216;SAMSUNSPOR&#8217;A YAKI\u015eMAYAN B\u0130R OYUNDU&#8217;<\/strong><\/p>\n<p> \u00dcst\u00fcn Lig&#8217;in 27&#8217;nci haftas\u0131nda oynanan Adana Demirspor m\u00fcsabakas\u0131 ve k\u0131rm\u0131z\u0131-beyazl\u0131lar\u0131n gayeleri hakk\u0131nda konu\u015fan Lider Vekili Bilen, &#8220;Hafta sonu konutumuzda ligden d\u00fc\u015fmesi kat\u0131la\u015fm\u0131\u015f olan Adana Demirspor&#8217;la kuvvetli bir u\u011fra\u015f yapt\u0131k. Ma\u00e7\u0131n ba\u015f\u0131nda \u00e7abucak 2-0 oldu. Farkl\u0131 bir sonu\u00e7 elde edece\u011fiz derken gerek seyircimizin azl\u0131\u011f\u0131ndan oyuncular\u0131m\u0131zda olu\u015fan motivasyon eksikli\u011fi, gerekse bir sonraki hafta oynayaca\u011f\u0131m\u0131z Fenerbah\u00e7e ma\u00e7\u0131n\u0131 d\u00fc\u015f\u00fcnerek oyun r\u00f6lantiye al\u0131nd\u0131. Ne toplulu\u011fumuzu, ne hocam\u0131z\u0131, ne de biz idaresi memnun eden bir oyun \u015fekli olmad\u0131. Yedi\u011fimiz goller bize yak\u0131\u015fmad\u0131. Sonu\u00e7ta 3-2 galip geldik ve sonu\u00e7tan mutluyuz. Lakin oynad\u0131\u011f\u0131m\u0131z oyundan muhakkak mutlu de\u011filiz. Bu Samsunspor&#8217;un ald\u0131\u011f\u0131 puanlara ve ligdeki s\u0131ralamas\u0131na yak\u0131\u015fmayan bir oyundu. Oyuncular\u0131m\u0131z da bunun fark\u0131ndalar. Tabi amac\u0131m\u0131z Her g\u00fcn de\u011fi\u015fiyor. Ligin ba\u015f\u0131nda \u00f6teki bir ama\u00e7la lige ba\u015flad\u0131k, birinci yar\u0131 sonunda \u00f6b\u00fcr bir amaca kilitlendik. Ama<strong> \u015fu andaki tek maksad\u0131m\u0131z getirdi\u011fimiz bu noktadan g\u00f6be\u011fimizi kendimiz kesip ligi \u00fc\u00e7\u00fcnc\u00fcl\u00fckle bitirmektir. Bununla birlikte Avrupa kupalar\u0131na kat\u0131lmak istiyoruz. Bug\u00fcne kadar yan\u0131m\u0131zda olan taraftarlar\u0131m\u0131za \u015f\u00fckranlar\u0131m\u0131z\u0131 ve minnetlerimizi tabir ediyorum. Lakin unutulmamal\u0131 ki konutumuzda kalan 5 tane k\u0131ymetli ma\u00e7 var. Evimizdeki ma\u00e7larda mutlak surette seyirci takviyesine gereksinimimiz var.<\/strong> Her ma\u00e7\u0131 kendi i\u00e7inde de\u011ferlendirip ciddiye almam\u0131z laz\u0131m. Mazeretsiz, amas\u0131z, fakats\u0131z halde taraftar\u0131m\u0131z\u0131 stada davet ediyoruz&#8221; s\u00f6zlerini kulland\u0131.<\/p>\n<p> <strong>FENERBAH\u00c7E, GALATASARAY MA\u00c7LARI<\/strong><\/p>\n<p> Fenerbah\u00e7e ve Samsunspor ortas\u0131ndaki ma\u00e7lar\u0131n tarih boyunca seyir zevki y\u00fcksek halde ge\u00e7ti\u011fini s\u00f6yleyen Bilen, &#8220;<strong>Hemen \u00e7abucak tam tak\u0131mla \u00e7\u0131kaca\u011f\u0131z \u00fczere g\u00f6r\u00fcn\u00fcyor. Cezal\u0131 oyuncumuzun olmamas\u0131 da sevindirici. Fenerbah\u00e7e &#8211; Samsunspor ma\u00e7lar\u0131 her vakit g\u00fcndemin bir numaras\u0131na oturmu\u015f, bug\u00fcn de\u011fil, d\u00fcn de\u011fil, tarih boyunca \u00e7eki\u015fme i\u00e7inde ge\u00e7en, seyir zevki y\u00fcksek m\u00fcsabakalar olmu\u015ftur. Bu nedenle biz hafta sonu oynayaca\u011f\u0131m\u0131z ma\u00e7\u0131n da \u00e7ok \u00e7eki\u015fmeli ve her istikametiyle izleyenlerin keyifli ve \u015fad kalaca\u011f\u0131 bir ma\u00e7 olaca\u011f\u0131na inan\u0131yoruz. Amac\u0131m\u0131z Fenerbah\u00e7e&#8217;den puan ya da puanlar almak. Bizi a\u00e7\u0131k\u00e7as\u0131 kimin \u015fampiyon olaca\u011f\u0131 ilgilendirmiyor. Bu hafta deplasmanda Fenerbah\u00e7e&#8217;den puanlar almaya, daha sonraki haftalarda da konutumuzda Galatasaray&#8217;\u0131 yenmeye u\u011fra\u015faca\u011f\u0131z. Samsunspor ve Y\u00fcksel liderimizin sahibi oldu\u011fu bir kadroda \u00e7aba ruhu bitmez. Kamuoyundaki \u00e7atlak seslere kulak vermeksizin b\u00fcsb\u00fct\u00fcn Fenerbah\u00e7e ma\u00e7\u0131na odakland\u0131k&#8221;<\/strong> dedi.<\/p>\n<\/div>\n","protected":false},"excerpt":{"rendered":"<p>Samsunspor Lider Vekili Veysel Bilen, Fenerbah\u00e7e ma\u00e7\u0131 \u00f6ncesi g\u00f6r\u00fc\u015flerini lisana getirdi.<\/p>\n","protected":false},"author":1,"featured_media":28516,"comment_status":"open","ping_status":"open","sticky":false,"template":"","format":"standard","meta":{"footnotes":""},"categories":[25],"tags":[115,50,43,525,2431],"class_list":["post-28515","post","type-post","status-publish","format-standard","has-post-thumbnail","hentry","category-futbol","tag-fenerbahce","tag-mac","tag-oyun","tag-samsunspor","tag-sonu"],"_links":{"self":[{"href":"https:\/\/haberbesiktas.tr\/index.php?rest_route=\/wp\/v2\/posts\/28515","targetHints":{"allow":["GET"]}}],"collection":[{"href":"https:\/\/haberbesiktas.tr\/index.php?rest_route=\/wp\/v2\/posts"}],"about":[{"href":"https:\/\/haberbesiktas.tr\/index.php?rest_route=\/wp\/v2\/types\/post"}],"author":[{"embeddable":true,"href":"https:\/\/haberbesiktas.tr\/index.php?rest_route=\/wp\/v2\/users\/1"}],"replies":[{"embeddable":true,"href":"https:\/\/haberbesiktas.tr\/index.php?rest_route=%2Fwp%2Fv2%2Fcomments&post=28515"}],"version-history":[{"count":1,"href":"https:\/\/haberbesiktas.tr\/index.php?rest_route=\/wp\/v2\/posts\/28515\/revisions"}],"predecessor-version":[{"id":28517,"href":"https:\/\/haberbesiktas.tr\/index.php?rest_route=\/wp\/v2\/posts\/28515\/revisions\/28517"}],"wp:featuredmedia":[{"embeddable":true,"href":"https:\/\/haberbesiktas.tr\/index.php?rest_route=\/wp\/v2\/media\/28516"}],"wp:attachment":[{"href":"https:\/\/haberbesiktas.tr\/index.php?rest_route=%2Fwp%2Fv2%2Fmedia&parent=28515"}],"wp:term":[{"taxonomy":"category","embeddable":true,"href":"https:\/\/haberbesiktas.tr\/index.php?rest_route=%2Fwp%2Fv2%2Fcategories&post=28515"},{"taxonomy":"post_tag","embeddable":true,"href":"https:\/\/haberbesiktas.tr\/index.php?rest_route=%2Fwp%2Fv2%2Ftags&post=28515"}],"curies":[{"name":"wp","href":"https:\/\/api.w.org\/{rel}","templated":true}]}}