{"id":28554,"date":"2025-05-10T01:48:17","date_gmt":"2025-05-10T01:48:17","guid":{"rendered":"https:\/\/haberbesiktas.tr\/?p=28554"},"modified":"2025-05-10T01:48:17","modified_gmt":"2025-05-10T01:48:17","slug":"galatasaray-divan-kurulunda-tepki-goren-sozler","status":"publish","type":"post","link":"https:\/\/haberbesiktas.tr\/?p=28554","title":{"rendered":"Galatasaray Divan Kurulu&#8217;nda tepki g\u00f6ren s\u00f6zler!"},"content":{"rendered":"<div>Galatasaray Divan Kurulu \u00dcyesi Turcan Bolay\u0131r, mart ay\u0131 ola\u011fan Divan Kurulu toplant\u0131s\u0131nda konu\u015ftu.<\/p>\n<p> Bolay\u0131r, &#8220;Ma\u00e7lar\u0131 hi\u00e7 ka\u00e7\u0131rm\u0131yorum, devaml\u0131 seyrediyorum. Galatasaray &#8211; Samsunspor ma\u00e7\u0131, kritik bir ma\u00e7. Ma\u00e7\u0131 alamayaca\u011f\u0131z \u00fczere bir durum var. Zati daima y\u00fcre\u011fim hopluyor. Her ma\u00e7ta g\u00fc\u00e7 g\u00f6t\u00fcr\u00fcyoruz olay\u0131. Nas\u0131lsa Osimhen \u00e7\u0131kar dedim, bir ba\u015f atar bitirir ma\u00e7\u0131 dedim. T\u0131pk\u0131 \u015fey oldu. Bir orta ma\u011fluptuk galiba. 2 tane gol at\u0131ld\u0131. Ama, stad\u0131n anonsu birden te\u011fe co\u015ftu. &#8216;Goooolll Mario Icardi&#8217; diye ba\u011f\u0131r\u0131yor. Nas\u0131l bir sayg\u0131s\u0131zl\u0131k bu. Bu insan, insan olarak. Karakter, al\u00e7akg\u00f6n\u00fcll\u00fc adam. Ben onu tenkit ettim. Bir insand\u0131r ya, Icardi mi de\u011fil, onun da \u00e7ok faydalar\u0131 var \u015fampiyonlukta. Kimi problemlerde onu be\u011fenmiyorum. Yeterli bir futbolcu, inkar edemem. Icardi atm\u0131yor gol\u00fc, bu anonsu yapan arkada\u015f neden bu t\u00fcrl\u00fc yap\u0131yor. Ho\u015fuma gitmedi, arz ettim. Kolay konu de\u011fil. Al\u00e7akg\u00f6n\u00fcll\u00fcl\u00fck g\u00f6sterdi, tepki g\u00f6sterseydi ne olurdu. Bir de trib\u00fcnlere de sirayet etti. Trib\u00fcnler de &#8216;Icardi gooll&#8217; dedi. Bu\u00a0nas\u0131l\u00a0bir\u00a0\u015fey.&#8221; s\u00f6zlerini kulland\u0131.<\/p>\n<p> <strong>&#8220;HAKEMLER Y\u00d6NET\u0130M ETMESE \u00c7OK KIRMIZI KART \u00c7IKAR&#8221;<\/strong><\/p>\n<p> Turcan Bolay\u0131r, &#8220;<strong>Okan Hoca&#8217;ya da s\u00f6zlerim l\u00fctfen gitsin. Rica ediyorum. \u00c7ok sert futbol oynayan futbolcular var. Ger\u00e7ek d\u00fcr\u00fcst hakemler 2 dakikada atarlar. \u00c7ok sert oynuyoruz \u00e7ok. \u0130sim vermiyorum. Biraz daha dikkatli gitmekte fayda var. Turcan Bey konu\u015fuyor diyorsunuz, g\u00f6rece\u011fiz. Hakemler y\u00f6netim etmese ikinci sar\u0131 kart k\u0131rm\u0131z\u0131dan \u00e7ok\u00a0top\u00e7u\u00a0gider.&#8221;<\/strong> dedi.<\/p>\n<p> <strong>&#8220;AYA\u011eI KIRILDI ZANNETT\u0130K!&#8221;<br \/><strong>&#8220;56 SENE L\u0130SEDE HOCALIK YAPTIM&#8221;<\/strong><br \/><\/strong><\/p>\n<p> Bu kelamlar \u00fczerine topluluktan itirazlar ve yans\u0131lar y\u00fckselince Turcan Bolay\u0131r, &#8220;<strong>Benim konu\u015fmam\u0131 be\u011fenmeyen \u00e7\u0131ks\u0131n. Buradan t\u0131n t\u0131n gittiler ge\u00e7enlerde, g\u00fcle g\u00fcle. Dinlemek istemeyen varsa \u00e7\u0131kabilir. Benim g\u00f6r\u00fc\u015f\u00fcm var. Siz de bunlar\u0131 g\u00f6r\u00fcyorsunuz. O denli bir sert giren futbolcular var ki yere yat\u0131yor. Sivasspor ma\u00e7\u0131n\u0131 alal\u0131m. Bir futbolcumuz yerde yatt\u0131. Sivasspor ma\u00e7\u0131nda yerde yatan aya\u011f\u0131 k\u0131r\u0131ld\u0131 zannettik. 3 g\u00fcn sonra ma\u00e7a \u00e7\u0131kt\u0131. Hakikat mu hareket, de\u011fil! Ben aleyhte de\u011fil ger\u00e7ek konu\u015fuyorum. Ben 56 y\u0131l Galatasaray Lisesi&#8217;nde hocal\u0131k yaparak ge\u00e7irdim. Elimden neler ge\u00e7ti. Ben aleyhte yapacak insan m\u0131y\u0131m! Ben do\u011frular\u0131 konu\u015fuyorum. M\u00fcdahale\u00a0etmeyin\u00a0bana.<\/strong>&#8221; yan\u0131t\u0131n\u0131 verdi.<\/p>\n<p> <strong>D\u0130VAN \u015eURASI&#8217;NDAN REAKS\u0130YON ALDI<\/strong><\/p>\n<p> Divan Konseyi&#8217;nde yer alan \u00f6b\u00fcr \u00fcyelerin yans\u0131s\u0131n\u0131 \u00e7eken Turcan Bolay\u0131r, &#8220;Madem istemiyorsunuz. \u00d6z\u00fcr dilerim sizleri rahats\u0131z etti\u011fim\u00a0i\u00e7in&#8230;&#8221; kelamlar\u0131yla konu\u015fmas\u0131n\u0131\u00a0noktalad\u0131.<\/p>\n<\/div>\n<p><\/p>\n","protected":false},"excerpt":{"rendered":"<p>Galatasaray Divan Kurulu \u00dcyesi Turcan Bolay\u0131r&#8217;\u0131n konu\u015fmas\u0131, Divan Kurulu toplant\u0131s\u0131nda olay yaratt\u0131.<\/p>\n","protected":false},"author":1,"featured_media":28555,"comment_status":"open","ping_status":"open","sticky":false,"template":"","format":"standard","meta":{"footnotes":""},"categories":[25],"tags":[2434,172],"class_list":["post-28554","post","type-post","status-publish","format-standard","has-post-thumbnail","hentry","category-futbol","tag-bolayir","tag-futbol"],"_links":{"self":[{"href":"https:\/\/haberbesiktas.tr\/index.php?rest_route=\/wp\/v2\/posts\/28554","targetHints":{"allow":["GET"]}}],"collection":[{"href":"https:\/\/haberbesiktas.tr\/index.php?rest_route=\/wp\/v2\/posts"}],"about":[{"href":"https:\/\/haberbesiktas.tr\/index.php?rest_route=\/wp\/v2\/types\/post"}],"author":[{"embeddable":true,"href":"https:\/\/haberbesiktas.tr\/index.php?rest_route=\/wp\/v2\/users\/1"}],"replies":[{"embeddable":true,"href":"https:\/\/haberbesiktas.tr\/index.php?rest_route=%2Fwp%2Fv2%2Fcomments&post=28554"}],"version-history":[{"count":1,"href":"https:\/\/haberbesiktas.tr\/index.php?rest_route=\/wp\/v2\/posts\/28554\/revisions"}],"predecessor-version":[{"id":28556,"href":"https:\/\/haberbesiktas.tr\/index.php?rest_route=\/wp\/v2\/posts\/28554\/revisions\/28556"}],"wp:featuredmedia":[{"embeddable":true,"href":"https:\/\/haberbesiktas.tr\/index.php?rest_route=\/wp\/v2\/media\/28555"}],"wp:attachment":[{"href":"https:\/\/haberbesiktas.tr\/index.php?rest_route=%2Fwp%2Fv2%2Fmedia&parent=28554"}],"wp:term":[{"taxonomy":"category","embeddable":true,"href":"https:\/\/haberbesiktas.tr\/index.php?rest_route=%2Fwp%2Fv2%2Fcategories&post=28554"},{"taxonomy":"post_tag","embeddable":true,"href":"https:\/\/haberbesiktas.tr\/index.php?rest_route=%2Fwp%2Fv2%2Ftags&post=28554"}],"curies":[{"name":"wp","href":"https:\/\/api.w.org\/{rel}","templated":true}]}}