{"id":28674,"date":"2025-05-10T09:24:15","date_gmt":"2025-05-10T09:24:15","guid":{"rendered":"https:\/\/haberbesiktas.tr\/?p=28674"},"modified":"2025-05-10T09:24:15","modified_gmt":"2025-05-10T09:24:15","slug":"pendiksporda-teknik-direktorluge-ugur-ucar-getirildi","status":"publish","type":"post","link":"https:\/\/haberbesiktas.tr\/?p=28674","title":{"rendered":"Pendikspor&#8217;da teknik direkt\u00f6rl\u00fc\u011fe U\u011fur U\u00e7ar getirildi"},"content":{"rendered":"<div>Trendyol 1. Lig gruplar\u0131ndan Silta\u015f Yap\u0131 Pendikspor&#8217;da Sedat A\u011f\u00e7ay&#8217;dan bo\u015falan teknik y\u00f6neticilik misyonuna U\u011fur U\u00e7ar getirildi.<\/p>\n<p> Kul\u00fcpten yap\u0131lan a\u00e7\u0131klamada, &#8220;Pendikspor ailesi olarak, eski oyuncumuz U\u011fur U\u00e7ar&#8217;\u0131 teknik y\u00f6neticimiz olarak yine ortam\u0131zda g\u00f6rmekten b\u00fcy\u00fck memnunluk duyuyoruz. Liderimiz Murat \u00d6zdemir&#8217;in i\u015ftirakiyle bug\u00fcn ger\u00e7ekle\u015fen imza merasiminin akabinde U\u011fur U\u00e7ar kadromuzun ba\u015f\u0131na ge\u00e7ti. Silta\u015f Yap\u0131 Pendikspor&#8217;umuzun ama\u00e7lar\u0131na birlikte ula\u015fmak i\u00e7in kendisine ve teknik tak\u0131m\u0131na yeni vazifelerinde muvaffakiyetler dileriz.&#8221; denildi.<\/p>\n<\/div>\n<p><\/p>\n","protected":false},"excerpt":{"rendered":"<p>Trendyol 1. Lig ekiplerinden Silta\u015f Yap\u0131 Pendikspor&#8217;da Sedat A\u011f\u00e7ay&#8217;dan bo\u015falan teknik y\u00f6neticilik vazifesine U\u011fur U\u00e7ar getirildi.<\/p>\n","protected":false},"author":1,"featured_media":28675,"comment_status":"open","ping_status":"open","sticky":false,"template":"","format":"standard","meta":{"footnotes":""},"categories":[25],"tags":[],"class_list":["post-28674","post","type-post","status-publish","format-standard","has-post-thumbnail","hentry","category-futbol"],"_links":{"self":[{"href":"https:\/\/haberbesiktas.tr\/index.php?rest_route=\/wp\/v2\/posts\/28674","targetHints":{"allow":["GET"]}}],"collection":[{"href":"https:\/\/haberbesiktas.tr\/index.php?rest_route=\/wp\/v2\/posts"}],"about":[{"href":"https:\/\/haberbesiktas.tr\/index.php?rest_route=\/wp\/v2\/types\/post"}],"author":[{"embeddable":true,"href":"https:\/\/haberbesiktas.tr\/index.php?rest_route=\/wp\/v2\/users\/1"}],"replies":[{"embeddable":true,"href":"https:\/\/haberbesiktas.tr\/index.php?rest_route=%2Fwp%2Fv2%2Fcomments&post=28674"}],"version-history":[{"count":1,"href":"https:\/\/haberbesiktas.tr\/index.php?rest_route=\/wp\/v2\/posts\/28674\/revisions"}],"predecessor-version":[{"id":28676,"href":"https:\/\/haberbesiktas.tr\/index.php?rest_route=\/wp\/v2\/posts\/28674\/revisions\/28676"}],"wp:featuredmedia":[{"embeddable":true,"href":"https:\/\/haberbesiktas.tr\/index.php?rest_route=\/wp\/v2\/media\/28675"}],"wp:attachment":[{"href":"https:\/\/haberbesiktas.tr\/index.php?rest_route=%2Fwp%2Fv2%2Fmedia&parent=28674"}],"wp:term":[{"taxonomy":"category","embeddable":true,"href":"https:\/\/haberbesiktas.tr\/index.php?rest_route=%2Fwp%2Fv2%2Fcategories&post=28674"},{"taxonomy":"post_tag","embeddable":true,"href":"https:\/\/haberbesiktas.tr\/index.php?rest_route=%2Fwp%2Fv2%2Ftags&post=28674"}],"curies":[{"name":"wp","href":"https:\/\/api.w.org\/{rel}","templated":true}]}}