{"id":2872,"date":"2025-01-11T20:42:43","date_gmt":"2025-01-11T20:42:43","guid":{"rendered":"https:\/\/haberbesiktas.tr\/?p=2872"},"modified":"2025-01-11T20:42:43","modified_gmt":"2025-01-11T20:42:43","slug":"edirnesporda-teknik-direktor-ve-futbolcular-ayrildi","status":"publish","type":"post","link":"https:\/\/haberbesiktas.tr\/?p=2872","title":{"rendered":"Edirnespor&#8217;da teknik direkt\u00f6r ve futbolcular ayr\u0131ld\u0131"},"content":{"rendered":"<div>Mali a\u00e7\u0131dan g\u00fc\u00e7 g\u00fcnler ge\u00e7iren Edirnespor&#8217;da, kul\u00fcbe dayanak gayeli hafta ba\u015f\u0131nda ba\u015flat\u0131lan dayanak kampanyas\u0131nda 5 g\u00fcnde yaln\u0131zca 170 bin lira para toplan\u0131nca, yeni anla\u015f\u0131lan teknik y\u00f6netici Algun Fazilet ve profesyonel futbolcular\u0131n tamam\u0131 kul\u00fcb\u00fc terk etti. Edirnespor Sportif Y\u00f6neticisi Ahmet Erginler, 10 g\u00fcn i\u00e7erisinde ba\u015flayacak TFF 3&#8217;\u00fcnc\u00fc Lig&#8217;in ikinci yar\u0131s\u0131nda ma\u00e7lara 19 ya\u015f alt\u0131 ekibiyle \u00e7\u0131kacaklar\u0131n\u0131 s\u00f6yledi.<\/p>\n<p> TFF 3&#8217;\u00fcnc\u00fc Lig 4&#8217;\u00fcnc\u00fc k\u00fcmede yeni d\u00f6neme maddi imkans\u0131zl\u0131klarla ba\u015flayan Edirnespor&#8217;da, birinci yar\u0131n\u0131n 11 puanla 13&#8217;\u00fcnc\u00fc s\u0131rada kapat\u0131lmas\u0131n\u0131n akabinde, ipler devre ortas\u0131nda koptu. Birinci yar\u0131n\u0131n bitmesiyle grupta birinci olarak teknik y\u00f6netici Fuat Eraslan istifa ederken, birtak\u0131m futbolcular kentten ayr\u0131ld\u0131. Ge\u00e7en hafta teknik y\u00f6netici Algun Erdem&#8217;le anla\u015f\u0131ld\u0131\u011f\u0131n\u0131 duyuran kul\u00fcp, bu hafta ba\u015f\u0131ndaysa dayanak kampanyas\u0131 ba\u015flatt\u0131. Takviye kampanyas\u0131nda 5 g\u00fcnde yaln\u0131zca 170 bin lira toplanabilen kul\u00fcpte, yaln\u0131zca 2 antrenmana \u00e7\u0131kan teknik adam Algun Fazilet de, mukavelesini feshederek ayr\u0131ld\u0131.<\/p>\n<p> <strong>&#8216;ORDUSPOR MA\u00c7INA U19 KADROMUZLA HAZIRLANACA\u011eIZ&#8217;<\/strong><\/p>\n<p> Bas\u0131n toplant\u0131s\u0131 d\u00fczenleyen Edirnespor Sportif Y\u00f6netici Ahmet Erginler, ikinci yar\u0131ya devam edebilmek i\u00e7in U19 grubuyla ma\u00e7lara \u00e7\u0131kacaklar\u0131n\u0131 s\u00f6yledi. Erginler, &#8220;Sezon ba\u015f\u0131ndan beri maddi \u0131st\u0131raplar\u0131 herkes biliyor esasen. \u0130kinci devre i\u00e7in maalesef ekibimizde \u015fu anda hi\u00e7bir profesyonel oyuncu kalmad\u0131, d\u0131\u015far\u0131dan gelen b\u00fct\u00fcn oyuncular\u0131m\u0131z kontratlar\u0131n\u0131 feshetti. Teknik tak\u0131m, hocalar\u0131m\u0131z mukavelelerini feshetti, Edirne&#8217;yi terk ettiler. \u015eu anda biz Orduspor ma\u00e7\u0131n\u0131n haz\u0131rl\u0131klar\u0131na U-19 grubumuzla, U-17 ekibimizden birka\u00e7 oyuncu alarak haz\u0131rlanaca\u011f\u0131z&#8221; dedi.<\/p>\n<p> <strong>&#8216;MADD\u0130 KASVETLER\u0130 A\u015eAMIYORUZ&#8217;<\/strong><\/p>\n<p> Kul\u00fcb\u00fcn maddi a\u00e7\u0131dan b\u00fcy\u00fck ezalar ya\u015fad\u0131\u011f\u0131n\u0131 s\u00f6z eden Erginler, &#8220;Bununla ilgili me\u015fakkatler b\u00fcy\u00fck, \u0131st\u0131raplar maddi ve ekonomik. Bunlar\u0131 a\u015famad\u0131k bir t\u00fcrl\u00fc. Kimi g\u00f6r\u00fc\u015fmeler yapt\u0131k, belediye liderimizle g\u00f6r\u00fc\u015fmeler yapt\u0131k, say\u0131n valimizle g\u00f6r\u00fc\u015fmeler yapt\u0131k. Son vakitte da bir yard\u0131m kampanyas\u0131 ba\u015flatt\u0131k. 5-6 g\u00fcnde maalesef kentimizden de toplan \u015fu anda 170 bin lira \u00fczere bir para. Nat\u00fcrel o para burada inan\u0131n ki iki g\u00fcnl\u00fck ya da \u00fc\u00e7 g\u00fcnl\u00fck lakin yemek paras\u0131. \u015eu anda maalesef bu maddi zahmetleri a\u015fam\u0131yoruz. Orduspor ma\u00e7\u0131n\u0131n haz\u0131rl\u0131klar\u0131na bu bi\u00e7imde devam edece\u011fiz. Ak\u015fam bir y\u00f6netim kurulu toplant\u0131m\u0131z olacak. Orada nat\u00fcrel birtak\u0131m kararlar alacak. O kararlar\u0131 da esasen kul\u00fcp liderimiz Onur Yaren Ayayd\u0131n ve idaresi sizinle payla\u015facakt\u0131r&#8221; diye konu\u015ftu.<\/p>\n<p> <strong>&#8216;\u0130\u015e\u0130N SONU G\u00dcZELE G\u0130TM\u0130YOR&#8217;<\/strong><\/p>\n<p> Altyap\u0131 hocalar\u0131n\u0131n da misyonu b\u0131rakt\u0131\u011f\u0131n\u0131 aktaran Erginler, &#8220;Altyap\u0131 hocalar\u0131m\u0131z da b\u0131rakt\u0131. Altyap\u0131y\u0131 \u00e7al\u0131\u015ft\u0131ran 5 tane hocam\u0131z vard\u0131. Hepsi misyonu b\u0131rakt\u0131klar\u0131n\u0131 s\u00f6ylediler. Burada teknik olarak bir ben kald\u0131m, bir de \u00d6zg\u00fcr Gezen hocam kald\u0131. Biz bu durumda b\u0131rakamay\u0131z, b\u0131rakmayaca\u011f\u0131z da. Elimizden geleni yapaca\u011f\u0131z. Art\u0131k g\u00fcc\u00fcm\u00fcz a\u015fik\u00e2r, gen\u00e7lerimiz var. Onlarla gayret etmeye \u00e7al\u0131\u015f\u0131yoruz. Fakat bu i\u015fin sonu d\u00fczg\u00fcne gitmiyor. Lige 10 g\u00fcn kald\u0131. Bu 10 g\u00fcnl\u00fck m\u00fcddette g\u00fczel geli\u015fmeler olursa tekrar yeni grup, yeni teknik tak\u0131m olabilir mi? Olabilir. \u0130n\u015fallah o denli bir \u015fey bekliyoruz \u015fu anda&#8221; halinde konu\u015ftu.<\/p>\n<\/div>\n","protected":false},"excerpt":{"rendered":"<p>Edirnespor&#8217;da yeni anla\u015f\u0131lan teknik y\u00f6netici Algun Fazilet ve profesyonel futbolcular\u0131n tamam\u0131 kul\u00fcb\u00fc terk etti.<\/p>\n","protected":false},"author":1,"featured_media":2873,"comment_status":"open","ping_status":"open","sticky":false,"template":"","format":"standard","meta":{"footnotes":""},"categories":[25],"tags":[107,353,352,351,354],"class_list":["post-2872","post","type-post","status-publish","format-standard","has-post-thumbnail","hentry","category-futbol","tag-gun","tag-maddi","tag-sikintilar","tag-teknik","tag-toplan"],"_links":{"self":[{"href":"https:\/\/haberbesiktas.tr\/index.php?rest_route=\/wp\/v2\/posts\/2872","targetHints":{"allow":["GET"]}}],"collection":[{"href":"https:\/\/haberbesiktas.tr\/index.php?rest_route=\/wp\/v2\/posts"}],"about":[{"href":"https:\/\/haberbesiktas.tr\/index.php?rest_route=\/wp\/v2\/types\/post"}],"author":[{"embeddable":true,"href":"https:\/\/haberbesiktas.tr\/index.php?rest_route=\/wp\/v2\/users\/1"}],"replies":[{"embeddable":true,"href":"https:\/\/haberbesiktas.tr\/index.php?rest_route=%2Fwp%2Fv2%2Fcomments&post=2872"}],"version-history":[{"count":1,"href":"https:\/\/haberbesiktas.tr\/index.php?rest_route=\/wp\/v2\/posts\/2872\/revisions"}],"predecessor-version":[{"id":2874,"href":"https:\/\/haberbesiktas.tr\/index.php?rest_route=\/wp\/v2\/posts\/2872\/revisions\/2874"}],"wp:featuredmedia":[{"embeddable":true,"href":"https:\/\/haberbesiktas.tr\/index.php?rest_route=\/wp\/v2\/media\/2873"}],"wp:attachment":[{"href":"https:\/\/haberbesiktas.tr\/index.php?rest_route=%2Fwp%2Fv2%2Fmedia&parent=2872"}],"wp:term":[{"taxonomy":"category","embeddable":true,"href":"https:\/\/haberbesiktas.tr\/index.php?rest_route=%2Fwp%2Fv2%2Fcategories&post=2872"},{"taxonomy":"post_tag","embeddable":true,"href":"https:\/\/haberbesiktas.tr\/index.php?rest_route=%2Fwp%2Fv2%2Ftags&post=2872"}],"curies":[{"name":"wp","href":"https:\/\/api.w.org\/{rel}","templated":true}]}}