{"id":28729,"date":"2025-05-10T13:00:37","date_gmt":"2025-05-10T13:00:37","guid":{"rendered":"https:\/\/haberbesiktas.tr\/?p=28729"},"modified":"2025-05-10T13:00:37","modified_gmt":"2025-05-10T13:00:37","slug":"real-madrid-penaltilarda-ceyrek-final-biletini-kapti","status":"publish","type":"post","link":"https:\/\/haberbesiktas.tr\/?p=28729","title":{"rendered":"Real Madrid, penalt\u0131larda \u00e7eyrek final biletini kapt\u0131!"},"content":{"rendered":"<div>UEFA \u015eampiyonlar Ligi son 16 tipi r\u00f6van\u015f m\u00fcsabakas\u0131nda Atletico Madrid, alan\u0131nda Real Madrid&#8217;i konuk etti.<\/p>\n<p> Birinci ma\u00e7\u0131 konutunda 2-1 kazanan Real Madrid, Riyadh Air Metropolitano&#8217;daki ma\u00e7ta Arsenal&#8217;e ola\u011fan m\u00fcddette 1-0 ma\u011flup oldu ve ma\u00e7 uzatmalara gitti.<\/p>\n<p>Uzatmalarda gol sesi \u00e7\u0131kmad\u0131 ve ma\u00e7 penalt\u0131lara gitti. Penalt\u0131lar\u0131 4-2 kazanan Real Madrid, ismini \u00e7eyrek finale yazd\u0131rd\u0131.<\/p>\n<p><span>Seri penalt\u0131 at\u0131\u015f\u0131nda Atletico Madridli\u00a0<\/span><strong><span>Julian Alvarez<\/span><\/strong><span>&#8216;in gol\u00fc, topa iki sefer dokundu\u011fu i\u00e7in iptal oldu.<\/span><\/p>\n<p>Atletico Madrid, \u015eampiyonlar Ligi \u00e7eyrek finalinde Arsenal ile kar\u015f\u0131 kar\u015f\u0131ya gelecek.<\/p>\n<p><strong>ARDA G\u00dcLER, KUL\u00dcBEDE OTURDU<\/strong><\/p>\n<p>Real Madrid&#8217;de forma giyen ulusal futbolcumuz Arda G\u00fcler, \u00e7abay\u0131 yedek kul\u00fcbesinde tamamlad\u0131.\u00a0<\/p>\n<p><img decoding=\"async\" src=\"https:\/\/haberbesiktas.tr\/wp-content\/uploads\/2025\/05\/real-madrid-penaltilarda-ceyrek-final-biletini-kapti-0-5NzdQwrp.jpg\"\/><\/p>\n<p> <strong>27. SAN\u0130YEDE GOL<\/strong><\/p>\n<p> Atletico Madrid, santradan sonra topu \u00e7abucak rakip alan g\u00f6nderdi. Sa\u011f tarafta topla bulu\u015fan Rodrigo De Paul, yerden ceza alan\u0131na bir top yollad\u0131. Giuliano Simeone, \u00f6n direkte topa dokunamad\u0131 lakin kale alan\u0131na yanl\u0131\u015fs\u0131z ko\u015fu yapan Conor Gallagher, Fede Valverde&#8217;ye kar\u015f\u0131n kayarak ma\u00e7\u0131n 27. saniyesinde topu a\u011flara g\u00f6nderdi.<\/p>\n<blockquote class=\"twitter-tweet\" data-width=\"500\" data-dnt=\"true\">\n<p lang=\"tr\" dir=\"ltr\">Ma\u00e7a me\u015faleler i\u00e7inden ge\u00e7erek gelen Atletico Madrid, 27. saniyede ate\u015fi yakt\u0131!\ud83d\udd25\ud83d\udd25<a href=\"https:\/\/t.co\/9FTQs5ExNz\" rel=\"nofollow\">pic.twitter.com\/9FTQs5ExNz<\/a><\/p>\n<p>&mdash; Sporxtv (@sporxtv) <a href=\"https:\/\/twitter.com\/sporxtv\/status\/1899915882807091537?ref_src=twsrc%5Etfw\" rel=\"nofollow noopener\" target=\"_blank\">March 12, 2025<\/a><\/p><\/blockquote>\n<p><script async src=\"https:\/\/platform.twitter.com\/widgets.js\" charset=\"utf-8\"><\/script><\/p>\n<p>  <strong>REAL MADR\u0130D PENALTI KAZANDI<\/strong><\/p>\n<p> Real Madrid s\u00fcratli bir atakla, Atletico Madrid&#8217;i eksik yakalad\u0131. Jude Bellingham&#8217;dan pas\u0131 alan Kylian Mbappe, orta alandan h\u0131zla ceza alan\u0131na y\u00f6neldi. Evvel Gimenez&#8217;i \u00e7al\u0131mlad\u0131, sonra Lenglet&#8217;i ge\u00e7ti fakat \u00e7abucak akabinde ceza alan\u0131nda yerde kald\u0131 ve Real Madrid 68. dakikada penalt\u0131 kazand\u0131.<\/p>\n<p><img decoding=\"async\" src=\"https:\/\/haberbesiktas.tr\/wp-content\/uploads\/2025\/05\/real-madrid-penaltilarda-ceyrek-final-biletini-kapti-1-cSWHV4Qd.jpg\"\/><\/p>\n<p> <strong>VINICIUS JR. B\u0130R\u0130NC\u0130 DEFA PENALTI KA\u00c7IRDI<\/strong><\/p>\n<p> Dakikalar 70&#8217;i g\u00f6sterirken penalt\u0131da topun ba\u015f\u0131na Vinicius Junior ge\u00e7ti. Brezilyal\u0131 futbolcu sa\u011f aya\u011f\u0131yla topu farkl\u0131 bir formda \u00fcstten auta g\u00f6nderdi. Vinicius b\u00f6ylelikle, Real Madrid mesle\u011finde birinci kere penalt\u0131 ka\u00e7\u0131rm\u0131\u015f oldu.<\/p>\n<blockquote class=\"twitter-tweet\" data-width=\"500\" data-dnt=\"true\">\n<p lang=\"ht\" dir=\"ltr\">Vinicius Jr. topu nereye vurdu! \ud83d\ude31 <a href=\"https:\/\/t.co\/3dvkvoQXD2\" rel=\"nofollow\">pic.twitter.com\/3dvkvoQXD2<\/a><\/p>\n<p>&mdash; Sporxtv (@sporxtv) <a href=\"https:\/\/twitter.com\/sporxtv\/status\/1899936979296362824?ref_src=twsrc%5Etfw\" rel=\"nofollow noopener\" target=\"_blank\">March 12, 2025<\/a><\/p><\/blockquote>\n<p><script async src=\"https:\/\/platform.twitter.com\/widgets.js\" charset=\"utf-8\"><\/script><\/p>\n<\/p><\/div>\n<p><\/p>\n","protected":false},"excerpt":{"rendered":"<p>UEFA \u015eampiyonlar Ligi Son 16 \u00c7e\u015fidi r\u00f6van\u015f ma\u00e7\u0131nda Real Madrid, penalt\u0131lara giden ma\u00e7ta Atletico Madrid&#8217;i 4-2 yendi ve \u00e7eyrek finale y\u00fckseldi.<\/p>\n","protected":false},"author":1,"featured_media":28732,"comment_status":"open","ping_status":"open","sticky":false,"template":"","format":"standard","meta":{"footnotes":""},"categories":[25],"tags":[50,1086,303,364,78],"class_list":["post-28729","post","type-post","status-publish","format-standard","has-post-thumbnail","hentry","category-futbol","tag-mac","tag-madrid","tag-penalti","tag-real-madrid","tag-top"],"_links":{"self":[{"href":"https:\/\/haberbesiktas.tr\/index.php?rest_route=\/wp\/v2\/posts\/28729","targetHints":{"allow":["GET"]}}],"collection":[{"href":"https:\/\/haberbesiktas.tr\/index.php?rest_route=\/wp\/v2\/posts"}],"about":[{"href":"https:\/\/haberbesiktas.tr\/index.php?rest_route=\/wp\/v2\/types\/post"}],"author":[{"embeddable":true,"href":"https:\/\/haberbesiktas.tr\/index.php?rest_route=\/wp\/v2\/users\/1"}],"replies":[{"embeddable":true,"href":"https:\/\/haberbesiktas.tr\/index.php?rest_route=%2Fwp%2Fv2%2Fcomments&post=28729"}],"version-history":[{"count":1,"href":"https:\/\/haberbesiktas.tr\/index.php?rest_route=\/wp\/v2\/posts\/28729\/revisions"}],"predecessor-version":[{"id":28735,"href":"https:\/\/haberbesiktas.tr\/index.php?rest_route=\/wp\/v2\/posts\/28729\/revisions\/28735"}],"wp:featuredmedia":[{"embeddable":true,"href":"https:\/\/haberbesiktas.tr\/index.php?rest_route=\/wp\/v2\/media\/28732"}],"wp:attachment":[{"href":"https:\/\/haberbesiktas.tr\/index.php?rest_route=%2Fwp%2Fv2%2Fmedia&parent=28729"}],"wp:term":[{"taxonomy":"category","embeddable":true,"href":"https:\/\/haberbesiktas.tr\/index.php?rest_route=%2Fwp%2Fv2%2Fcategories&post=28729"},{"taxonomy":"post_tag","embeddable":true,"href":"https:\/\/haberbesiktas.tr\/index.php?rest_route=%2Fwp%2Fv2%2Ftags&post=28729"}],"curies":[{"name":"wp","href":"https:\/\/api.w.org\/{rel}","templated":true}]}}