{"id":28736,"date":"2025-05-10T13:12:10","date_gmt":"2025-05-10T13:12:10","guid":{"rendered":"https:\/\/haberbesiktas.tr\/?p=28736"},"modified":"2025-05-10T13:12:10","modified_gmt":"2025-05-10T13:12:10","slug":"twitter-x-coktu-mu-kapatildi-mi-ne-sorun-var-10-mart","status":"publish","type":"post","link":"https:\/\/haberbesiktas.tr\/?p=28736","title":{"rendered":"Twitter (X) \u00e7\u00f6kt\u00fc m\u00fc, kapat\u0131ld\u0131 m\u0131, ne sorun var? 10 Mart"},"content":{"rendered":"<div><span>X platformunda yani eski ismiyle Twitter&#8217;da bug\u00fcn saat 12.00 prestijiyle ak\u0131\u015f yenileme sorunu ya\u015fan\u0131yor. S\u0131k\u0131nt\u0131yla birlikte kullan\u0131c\u0131lar merak i\u00e7erisinde &#8220;Twitter \u00e7\u00f6kt\u00fc m\u00fc, dondu mu, ne sorun var?&#8221; sorusunun kar\u015f\u0131l\u0131\u011f\u0131n\u0131 ara\u015ft\u0131r\u0131yor. Pekala, X yani Twitter \u00e7\u00f6kt\u00fc m\u00fc, dondu mu, ne sorun var? \u0130\u015fte Twitter kusur tespit raporu ve ya\u015fanan s\u0131k\u0131nt\u0131yla ilgili detaylar&#8230;<\/span><\/p>\n<p><strong>TWITTER KUSUR TESP\u0130T RAPORU<\/strong><\/p>\n<p><span>Kaydedilen \u015fimdiki yan\u0131lg\u0131 bildirimi raporuna nazaran d\u00fcnyaca \u00fcnl\u00fc toplumsal payla\u015f\u0131m a\u011f\u0131 X&#8217;te saat 12.45&#8217;te 930 sorun bildirimiyle en \u00e7ok kusur tespit kayd\u0131 yap\u0131ld\u0131.<\/span><\/p>\n<p><strong>TWITTER \u00c7\u00d6KT\u00dc M\u00dc, DONDU MU, NE SORUN VAR?<\/strong><\/p>\n<p><span>Twitter&#8217;da saat 12.00 prestijiyle ya\u015fanan ak\u0131\u015f yenileme sorunu saat 12.45&#8217;te 930 kusur bildirimi kayd\u0131yla doru\u011fa ula\u015ft\u0131. Sorunun nedeni \u015fimdi net olarak bilinmese de aksakl\u0131\u011f\u0131n giderilmesi ve global \u00e7apta ya\u015fanan sorunun sona ermesi halinde yeni durumu sizler payla\u015faca\u011f\u0131z.<\/span><\/div>\n<div>Haber ile daha fazlas\u0131na ula\u015f\u0131n:<\/div>\n<div>G\u00fcndem<\/div>\n","protected":false},"excerpt":{"rendered":"<p>Twitter \u00e7\u00f6kt\u00fc m\u00fc, dondu mu, ne sorun var? Bug\u00fcn yani 10 Mart Pazartesi g\u00fcn\u00fc g\u00fcn i\u00e7erisinde X g\u00fcndem ak\u0131\u015f\u0131nda ve payla\u015f\u0131m \u00fcretimlerinde sorun ya\u015fayanlar merak i\u00e7erisinde ba\u015fta belirtilen sorunun yan\u0131t\u0131n\u0131 ara\u015ft\u0131r\u0131yor. \u00c7abucak belirtelim ki saat 12.00&#8217;den itibaren Twitter ak\u0131\u015f ve yenilme sorunu ya\u015fan\u0131yor. Pekala, Twitter \u00e7\u00f6kt\u00fc m\u00fc, kapat\u0131ld\u0131 m\u0131, eri\u015fim mahzuru mi getirildi? Merak edenler i\u00e7in \u015fimdiki tabloyu haberimizde derledik. \u0130\u015fte 10 Mart Pazartesi yani bug\u00fcn Twitter kusur tespit raporu&#8230;<\/p>\n","protected":false},"author":1,"featured_media":28737,"comment_status":"open","ping_status":"open","sticky":false,"template":"","format":"standard","meta":{"footnotes":""},"categories":[10],"tags":[479,1701,2448],"class_list":["post-28736","post","type-post","status-publish","format-standard","has-post-thumbnail","hentry","category-basketbol","tag-hata","tag-sorun","tag-twitter"],"_links":{"self":[{"href":"https:\/\/haberbesiktas.tr\/index.php?rest_route=\/wp\/v2\/posts\/28736","targetHints":{"allow":["GET"]}}],"collection":[{"href":"https:\/\/haberbesiktas.tr\/index.php?rest_route=\/wp\/v2\/posts"}],"about":[{"href":"https:\/\/haberbesiktas.tr\/index.php?rest_route=\/wp\/v2\/types\/post"}],"author":[{"embeddable":true,"href":"https:\/\/haberbesiktas.tr\/index.php?rest_route=\/wp\/v2\/users\/1"}],"replies":[{"embeddable":true,"href":"https:\/\/haberbesiktas.tr\/index.php?rest_route=%2Fwp%2Fv2%2Fcomments&post=28736"}],"version-history":[{"count":1,"href":"https:\/\/haberbesiktas.tr\/index.php?rest_route=\/wp\/v2\/posts\/28736\/revisions"}],"predecessor-version":[{"id":28738,"href":"https:\/\/haberbesiktas.tr\/index.php?rest_route=\/wp\/v2\/posts\/28736\/revisions\/28738"}],"wp:featuredmedia":[{"embeddable":true,"href":"https:\/\/haberbesiktas.tr\/index.php?rest_route=\/wp\/v2\/media\/28737"}],"wp:attachment":[{"href":"https:\/\/haberbesiktas.tr\/index.php?rest_route=%2Fwp%2Fv2%2Fmedia&parent=28736"}],"wp:term":[{"taxonomy":"category","embeddable":true,"href":"https:\/\/haberbesiktas.tr\/index.php?rest_route=%2Fwp%2Fv2%2Fcategories&post=28736"},{"taxonomy":"post_tag","embeddable":true,"href":"https:\/\/haberbesiktas.tr\/index.php?rest_route=%2Fwp%2Fv2%2Ftags&post=28736"}],"curies":[{"name":"wp","href":"https:\/\/api.w.org\/{rel}","templated":true}]}}