{"id":28798,"date":"2025-05-10T17:12:12","date_gmt":"2025-05-10T17:12:12","guid":{"rendered":"https:\/\/haberbesiktas.tr\/?p=28798"},"modified":"2025-05-10T17:12:12","modified_gmt":"2025-05-10T17:12:12","slug":"ales-sinavi-ne-zaman-2025-osym-takvimi-ales-tarihi","status":"publish","type":"post","link":"https:\/\/haberbesiktas.tr\/?p=28798","title":{"rendered":"ALES s\u0131nav\u0131 ne zaman? 2025 \u00d6SYM Takvimi ALES tarihi"},"content":{"rendered":"<div><span>\u00d6l\u00e7me, Se\u00e7me ve Yerle\u015ftirme Merkezi (\u00d6SYM) taraf\u0131ndan 2025 imtihan takviminin yay\u0131mlanaca\u011f\u0131 tarih, imtihanlara kat\u0131lacak olan binlerce \u00f6\u011frencinin g\u00fcndeminde yer al\u0131yor. Yay\u0131mlanacak olan 2024 imtihan takvimi ile birlikte ALES imtihan tarihleri de a\u015fik\u00e2r olacak. Peki, 2025 ALES s\u0131nav\u0131 ne vakit?<\/span><\/p>\n<p><strong>2025 ALES \u0130MT\u0130HANI NE VAK\u0130T YAPILACAK?<\/strong><\/p>\n<p><span>Akademik \u0130\u015f\u00e7i ve Lisans\u00fcst\u00fc E\u011fitimi Giri\u015f S\u0131nav\u0131 (ALES) 2025 takvimi \u015fimdi netle\u015fmedi. Ama bu y\u0131lda tekrar t\u0131pk\u0131 tarihlerde takvimin ilan edilmesi bekleniyor.<\/span><\/p>\n<p><strong>2025 \u00d6SYM SINAVI TAKV\u0130M\u0130<\/strong><\/p>\n<p><span>ALES&#8217;nin gelecek y\u0131lki oturum ve m\u00fcracaat tarihlerinin, bu y\u0131l\u0131n Kas\u0131m ay\u0131nda a\u00e7\u0131klanacak 2025 \u00d6SYM \u0130mtihan Takvimi ile netle\u015fmesi bekleniyor.<\/span><\/p>\n<p><span>Bu kapsamda bilgiler geldik\u00e7e haberimizde yer verece\u011fiz<\/span><\/p>\n<\/div>\n<div>Haber ile daha fazlas\u0131na ula\u015f\u0131n:<\/div>\n<div>G\u00fcndem<\/div>\n","protected":false},"excerpt":{"rendered":"<p>2025 ALES s\u0131nav\u0131 ne vakit sorusu \u00d6SYM takvimi ile tekrar g\u00fcndeme geldi. ALES imtihan\u0131na girmek isteyenler m\u00fcracaatlar\u0131n\u0131 bu tarihler aral\u0131\u011f\u0131nda yap\u0131yorlar. Peki, ALES s\u0131nav\u0131 ne vakit? \u0130\u015fte, ALES\/1 ALES\/2 ALES\/3 imtihan ve m\u00fcracaat tarihlerinde son durum&#8230;<\/p>\n","protected":false},"author":1,"featured_media":28799,"comment_status":"open","ping_status":"open","sticky":false,"template":"","format":"standard","meta":{"footnotes":""},"categories":[10],"tags":[1674,2478,2462,2477],"class_list":["post-28798","post","type-post","status-publish","format-standard","has-post-thumbnail","hentry","category-basketbol","tag-1674","tag-ales","tag-sinav","tag-takvimi"],"_links":{"self":[{"href":"https:\/\/haberbesiktas.tr\/index.php?rest_route=\/wp\/v2\/posts\/28798","targetHints":{"allow":["GET"]}}],"collection":[{"href":"https:\/\/haberbesiktas.tr\/index.php?rest_route=\/wp\/v2\/posts"}],"about":[{"href":"https:\/\/haberbesiktas.tr\/index.php?rest_route=\/wp\/v2\/types\/post"}],"author":[{"embeddable":true,"href":"https:\/\/haberbesiktas.tr\/index.php?rest_route=\/wp\/v2\/users\/1"}],"replies":[{"embeddable":true,"href":"https:\/\/haberbesiktas.tr\/index.php?rest_route=%2Fwp%2Fv2%2Fcomments&post=28798"}],"version-history":[{"count":1,"href":"https:\/\/haberbesiktas.tr\/index.php?rest_route=\/wp\/v2\/posts\/28798\/revisions"}],"predecessor-version":[{"id":28800,"href":"https:\/\/haberbesiktas.tr\/index.php?rest_route=\/wp\/v2\/posts\/28798\/revisions\/28800"}],"wp:featuredmedia":[{"embeddable":true,"href":"https:\/\/haberbesiktas.tr\/index.php?rest_route=\/wp\/v2\/media\/28799"}],"wp:attachment":[{"href":"https:\/\/haberbesiktas.tr\/index.php?rest_route=%2Fwp%2Fv2%2Fmedia&parent=28798"}],"wp:term":[{"taxonomy":"category","embeddable":true,"href":"https:\/\/haberbesiktas.tr\/index.php?rest_route=%2Fwp%2Fv2%2Fcategories&post=28798"},{"taxonomy":"post_tag","embeddable":true,"href":"https:\/\/haberbesiktas.tr\/index.php?rest_route=%2Fwp%2Fv2%2Ftags&post=28798"}],"curies":[{"name":"wp","href":"https:\/\/api.w.org\/{rel}","templated":true}]}}