{"id":28846,"date":"2025-05-10T20:00:12","date_gmt":"2025-05-10T20:00:12","guid":{"rendered":"https:\/\/haberbesiktas.tr\/?p=28846"},"modified":"2025-05-10T20:00:12","modified_gmt":"2025-05-10T20:00:12","slug":"denizlisporda-buzlar-eridi-baris-saglandi","status":"publish","type":"post","link":"https:\/\/haberbesiktas.tr\/?p=28846","title":{"rendered":"Denizlispor&#8217;da buzlar eridi, bar\u0131\u015f sa\u011fland\u0131"},"content":{"rendered":"<div><span>3&#8217;\u00fcnc\u00fc Lig 4&#8217;\u00fcnc\u00fc K\u00fcme&#8217;de son haftalardaki performans\u0131yla amat\u00f6re d\u00fc\u015fme s\u0131n\u0131r\u0131ndan s\u0131yr\u0131lan Denizlispor&#8217;da Lider Erhan Ergil ve kadro kaptan\u0131 G\u00f6khan S\u00fczen ortas\u0131ndaki kriz de tatl\u0131ya ba\u011fland\u0131.<\/p>\n<p> Son K\u0131r\u0131kkale FK ma\u00e7\u0131 \u00f6ncesi paralar\u0131n\u0131 alamayan gen\u00e7 oyuncular\u0131n protesto resti \u00e7ekti\u011fi kul\u00fcpte kadro ismine idaresi de ama\u00e7 alan sert bir a\u00e7\u0131klama yapan G\u00f6khan S\u00fczen&#8217;e toplumsal medyada cevap veren Lider Ergil, &#8220;Ma\u00e7\u0131 kazan\u0131rsak lider G\u00f6khan S\u00fczen&#8217;dir fakat kaybedersek bundan sonra benim kadromda yeri yok&#8221; a\u00e7\u0131klamas\u0131 yap\u0131p, kadronun G\u00f6khan&#8217;\u0131n 1 gol, 1 asistiyle 4-1 galip gelmesinin akabinde istifa etmi\u015fti. Ergil, idarenin ve taraftar\u0131n talebiyle istifas\u0131n\u0131 geri \u00e7ekerken, ikili bir toplumsal medya yay\u0131n\u0131nda bulu\u015fup ortadaki buzlar\u0131 da eritti. <\/p>\n<p>Tarihi bor\u00e7 y\u00fck\u00fcyle u\u00e7urumun kenar\u0131nda olup kurtulu\u015f sava\u015f\u0131 veren Denizlispor, ligde bu hafta Zonguldakspor deplasman\u0131na \u00e7\u0131kacak.<\/span><\/div>\n<p><\/p>\n","protected":false},"excerpt":{"rendered":"<p>Denizlispor&#8217;da Lider Erhan Ergil ve grup kaptan\u0131 G\u00f6khan S\u00fczen ortas\u0131ndaki kriz de tatl\u0131ya ba\u011fland\u0131. Detaylar&#8230;<\/p>\n","protected":false},"author":1,"featured_media":28847,"comment_status":"open","ping_status":"open","sticky":false,"template":"","format":"standard","meta":{"footnotes":""},"categories":[10],"tags":[],"class_list":["post-28846","post","type-post","status-publish","format-standard","has-post-thumbnail","hentry","category-basketbol"],"_links":{"self":[{"href":"https:\/\/haberbesiktas.tr\/index.php?rest_route=\/wp\/v2\/posts\/28846","targetHints":{"allow":["GET"]}}],"collection":[{"href":"https:\/\/haberbesiktas.tr\/index.php?rest_route=\/wp\/v2\/posts"}],"about":[{"href":"https:\/\/haberbesiktas.tr\/index.php?rest_route=\/wp\/v2\/types\/post"}],"author":[{"embeddable":true,"href":"https:\/\/haberbesiktas.tr\/index.php?rest_route=\/wp\/v2\/users\/1"}],"replies":[{"embeddable":true,"href":"https:\/\/haberbesiktas.tr\/index.php?rest_route=%2Fwp%2Fv2%2Fcomments&post=28846"}],"version-history":[{"count":1,"href":"https:\/\/haberbesiktas.tr\/index.php?rest_route=\/wp\/v2\/posts\/28846\/revisions"}],"predecessor-version":[{"id":28848,"href":"https:\/\/haberbesiktas.tr\/index.php?rest_route=\/wp\/v2\/posts\/28846\/revisions\/28848"}],"wp:featuredmedia":[{"embeddable":true,"href":"https:\/\/haberbesiktas.tr\/index.php?rest_route=\/wp\/v2\/media\/28847"}],"wp:attachment":[{"href":"https:\/\/haberbesiktas.tr\/index.php?rest_route=%2Fwp%2Fv2%2Fmedia&parent=28846"}],"wp:term":[{"taxonomy":"category","embeddable":true,"href":"https:\/\/haberbesiktas.tr\/index.php?rest_route=%2Fwp%2Fv2%2Fcategories&post=28846"},{"taxonomy":"post_tag","embeddable":true,"href":"https:\/\/haberbesiktas.tr\/index.php?rest_route=%2Fwp%2Fv2%2Ftags&post=28846"}],"curies":[{"name":"wp","href":"https:\/\/api.w.org\/{rel}","templated":true}]}}