{"id":28866,"date":"2025-05-10T21:00:16","date_gmt":"2025-05-10T21:00:16","guid":{"rendered":"https:\/\/haberbesiktas.tr\/?p=28866"},"modified":"2025-05-10T21:00:16","modified_gmt":"2025-05-10T21:00:16","slug":"rasim-zaimoglu-osimhen-icin-kampanya-baslatin-2","status":"publish","type":"post","link":"https:\/\/haberbesiktas.tr\/?p=28866","title":{"rendered":"Rasim Zaimo\u011flu: &#8220;Osimhen i\u00e7in kampanya ba\u015flat\u0131n&#8221;"},"content":{"rendered":"<div>Galatasaray Divan Kurulu \u00dcyesi ve ge\u00e7mi\u015f periyotlarda T\u00fcrkiye Futbol Federasyonu&#8217;nda y\u00f6neticilik yapan Rasim Zaimo\u011flu, Mart ay\u0131 ola\u011fan Divan Kurulu toplant\u0131s\u0131nda konu\u015ftu.<\/p>\n<p> Zaimo\u011flu, &#8220;Eray Yazgan karde\u015fimizi izledim, gurur duydum. Ho\u015f bir konu\u015fma yapt\u0131 TV&#8217;de. Bir tek kusur yapt\u0131, ke\u015fke onu da yapmasayd\u0131. Bizim derbi ma\u00e7\u0131m\u0131za yabanc\u0131 hakem atand\u0131. Kupada da rakibimizle e\u015fle\u015ftik. O ma\u00e7a yabanc\u0131 hakem atanmas\u0131 konusunda \u0131srarc\u0131 olmam\u0131z gerekirken Say\u0131n Yazgan &#8216;Yerli yabanc\u0131 olsun fark etmez&#8217; dedi. Bu formda konu\u015fmasa daha g\u00fczel olurdu. Milyonlarca Galatasarayl\u0131, e\u015fit ko\u015fullar\u0131 bekliyor. Ne yap\u0131ld\u0131ysa ayn\u0131s\u0131n\u0131n orada uygulanmas\u0131n\u0131 bekliyor. Ba\u015fka rakiplerimizle yapaca\u011f\u0131m\u0131z ma\u00e7lar\u0131, onlar\u0131n ortalar\u0131ndaki ma\u00e7lar\u0131 yabanc\u0131 hakem uygulanmas\u0131n\u0131 istemeli. D\u00fcnyan\u0131n en ileri 5 liginden meslekli hakemlerin getirilmesiyle olu\u015facak formda uygulanmas\u0131. Kendi hakemini tut getir, burada uygulat. Topuyla t\u00fcfe\u011fiyle gel Galatasaray stad\u0131na galip gelmek i\u00e7in gel. Geri geri d\u00f6n git 1 puanla.&#8221; diyerek yabanc\u0131 hakem ele\u015ftirisini lisana getirdi.<\/p>\n<p> <strong>&#8220;RAK\u0130B\u0130M\u0130Z B\u0130R EK\u0130P TU\u015eLARA BASMAYA BA\u015eLADI&#8221;<\/strong><\/p>\n<p> Fenerbah\u00e7e&#8217;yi ve Ali Ko\u00e7&#8217;u da maksat alan Zaimo\u011flu, &#8220;Fenerbah\u00e7e&#8217;nin eski ba\u015fkan\u0131 Emin Cankurtaran A\u011fabey &#8216;Ma\u00e7 alanda kazan\u0131lmaz&#8217; dedi bana, &#8216;Nerede kazan\u0131l\u0131r a\u011fabey?&#8217; dedim. &#8216;Masada oynan\u0131r ma\u00e7&#8217; dedi. Bu k\u0131ssalar\u0131 kimi arkada\u015flar \u00e7ok uygun dinlemi\u015f. 10 y\u0131ld\u0131r \u015fampiyon olamay\u0131nca, 7 sene ba\u015f\u0131nda oldu\u011fun camiay\u0131 \u015fampiyon yapamay\u0131nca bir grup tu\u015flara basmaya ba\u015flad\u0131lar. Ba\u015ftaki en b\u00fcy\u00fck tu\u015f nat\u00fcrel TFF. Ben TFF&#8217;de bulundu\u011fum vakit Galatasaray&#8217;\u0131 temsilen 5-6 bireydik. \u00d6zkan Olcay a\u011fabeyimiz, Mehmet A\u011far Bey ve ben vard\u0131m. Art\u0131k 1 \u015fah\u0131sla temsil ediliyoruz federasyonda. \u00c7ok zay\u0131f\u0131z. Maalesef her t\u00fcrl\u00fc \u015feyi anahtar\u0131 kar\u015f\u0131 tarafa vermi\u015f. Kar\u015f\u0131 tarafta da o denli bir \u015fey var ki ba\u015far\u0131l\u0131 olamam\u0131\u015f, ne yapaca\u011f\u0131n\u0131 \u015fa\u015f\u0131rm\u0131\u015f, vaktinde her istedi\u011fini elde etmi\u015f bir tak\u0131m var. TV kanallar\u0131nda bas bas ba\u011f\u0131ran, a\u011flayan yan\u0131ndaki bireyler var. Buna dikkat edelim. Biz masa oyunlar\u0131na kar\u015f\u0131 kendimizi savunal\u0131m.&#8221; s\u00f6zlerini kulland\u0131.<\/p>\n<p> <strong>&#8220;B\u0130R HAKEM GELM\u0130\u015e, TET\u0130K\u00c7\u0130&#8221;<\/strong><\/p>\n<p> Zaimo\u011flu, &#8220;Biz bunu alanda halletmek zorunday\u0131z. Saha d\u0131\u015f\u0131nda hi\u00e7bir formda e\u015fitlik yok. Her t\u00fcrl\u00fc formda maalesef \u00e7ok makus durumday\u0131z. Say\u0131n Hocam s\u00f6yledi ama bir tek \u015fey unuttu, en son Alanya ma\u00e7\u0131n\u0131 daima bir arada izledik. Bir hakem verilmi\u015f, b\u00fcsb\u00fct\u00fcn tetik\u00e7i, bu t\u00fcrl\u00fc bir \u015fey olamaz. Galatasaray birinci yar\u0131 mak\u00fbs oynad\u0131 lakin ikinci yar\u0131 harika oynad\u0131. Hakem triosu o denli bir tetik\u00e7ilikle gelmi\u015f ki 7 tane sar\u0131 kart g\u00f6sterdi. Koridorda kalecimize k\u0131rm\u0131z\u0131 kart g\u00f6stermi\u015f. Bu t\u00fcrl\u00fc bir \u015fey olabilir mi! Say\u0131n Yazgan anlatt\u0131, dinledim. \u015eimdiye kadar verilen verilmeyen penalt\u0131lar. Fenerbah\u00e7e&#8217;nin aleyhine s\u0131f\u0131r penalt\u0131. Hi\u00e7 yok, yapm\u0131yorlar. Bu t\u00fcrl\u00fc bir \u015fey olabilir mi! Bu t\u00fcrl\u00fc e\u015fitsiz ko\u015fullarda, masada oynanan oyunlarla elde etmeye \u00e7al\u0131\u015fan rakibe kar\u015f\u0131 kenetlenmeliyiz. Birlik beraberlik i\u00e7inde olmal\u0131y\u0131z.&#8221; a\u00e7\u0131klamas\u0131n\u0131 yapt\u0131.<\/p>\n<p> <strong>&#8220;OSIMHEN \u0130\u00c7\u0130N KAMPANYA BA\u015eLATALIM&#8221;<\/strong><\/p>\n<p> Osimhen&#8217;in bonservisinin al\u0131nmas\u0131 i\u00e7in kampanya ba\u015flat\u0131lmas\u0131n\u0131 isteyen Rasim Zaimo\u011flu, &#8220;D\u00fcnyada gibisi yok. 35 milyon Galatasaray taraftar\u0131 var, herkes 1 dolar \u00f6dese 35 milyon dolar eder. 2 dolar \u00f6dese, 70 milyon dolar eder. Arkada\u015flar bir kampanya ba\u015flatal\u0131m. 100 bin dolar \u00f6deyecek taraftarlar\u0131m\u0131z var. Ne yap\u0131p edelim Osimhen&#8217;i\u00a0tutal\u0131m.&#8221; davetinde bulundu.<\/p>\n<\/div>\n<p><\/p>\n","protected":false},"excerpt":{"rendered":"<p>Galatasaray Divan Kurulu \u00dcyesi Rasim Zaimo\u011flu, Osimhen i\u00e7in kampanya ba\u015flat\u0131lmas\u0131 talebinde bulundu.<\/p>\n","protected":false},"author":1,"featured_media":28867,"comment_status":"open","ping_status":"open","sticky":false,"template":"","format":"standard","meta":{"footnotes":""},"categories":[10],"tags":[435,129,790,62,144],"class_list":["post-28866","post","type-post","status-publish","format-standard","has-post-thumbnail","hentry","category-basketbol","tag-dolar","tag-galatasaray","tag-gel","tag-hakem","tag-yabanci"],"_links":{"self":[{"href":"https:\/\/haberbesiktas.tr\/index.php?rest_route=\/wp\/v2\/posts\/28866","targetHints":{"allow":["GET"]}}],"collection":[{"href":"https:\/\/haberbesiktas.tr\/index.php?rest_route=\/wp\/v2\/posts"}],"about":[{"href":"https:\/\/haberbesiktas.tr\/index.php?rest_route=\/wp\/v2\/types\/post"}],"author":[{"embeddable":true,"href":"https:\/\/haberbesiktas.tr\/index.php?rest_route=\/wp\/v2\/users\/1"}],"replies":[{"embeddable":true,"href":"https:\/\/haberbesiktas.tr\/index.php?rest_route=%2Fwp%2Fv2%2Fcomments&post=28866"}],"version-history":[{"count":1,"href":"https:\/\/haberbesiktas.tr\/index.php?rest_route=\/wp\/v2\/posts\/28866\/revisions"}],"predecessor-version":[{"id":28868,"href":"https:\/\/haberbesiktas.tr\/index.php?rest_route=\/wp\/v2\/posts\/28866\/revisions\/28868"}],"wp:featuredmedia":[{"embeddable":true,"href":"https:\/\/haberbesiktas.tr\/index.php?rest_route=\/wp\/v2\/media\/28867"}],"wp:attachment":[{"href":"https:\/\/haberbesiktas.tr\/index.php?rest_route=%2Fwp%2Fv2%2Fmedia&parent=28866"}],"wp:term":[{"taxonomy":"category","embeddable":true,"href":"https:\/\/haberbesiktas.tr\/index.php?rest_route=%2Fwp%2Fv2%2Fcategories&post=28866"},{"taxonomy":"post_tag","embeddable":true,"href":"https:\/\/haberbesiktas.tr\/index.php?rest_route=%2Fwp%2Fv2%2Ftags&post=28866"}],"curies":[{"name":"wp","href":"https:\/\/api.w.org\/{rel}","templated":true}]}}