{"id":28946,"date":"2025-05-11T02:00:12","date_gmt":"2025-05-11T02:00:12","guid":{"rendered":"https:\/\/haberbesiktas.tr\/?p=28946"},"modified":"2025-05-11T02:00:12","modified_gmt":"2025-05-11T02:00:12","slug":"mecnun-otyakmazdan-yabanci-hakem-aciklamasi-2","status":"publish","type":"post","link":"https:\/\/haberbesiktas.tr\/?p=28946","title":{"rendered":"Mecnun Otyakmaz&#8217;dan yabanc\u0131 hakem a\u00e7\u0131klamas\u0131"},"content":{"rendered":"<div>T\u00fcrkiye Futbol Federasyonu Lider Vekili Mecnun Otyakmaz, Be\u015fikta\u015f Kul\u00fcb\u00fc&#8217;n\u00fcn d\u00fczenledi\u011fi iftar program\u0131na kat\u0131ld\u0131.<\/p>\n<p> Otyakmaz, programdan ayr\u0131ld\u0131\u011f\u0131 s\u0131rada muhabirlere konu\u015ftu.<\/p>\n<p> Yabanc\u0131 hakem konusunda de\u011finen Mecnun Otyakmaz,<strong> &#8220;Be\u015fikta\u015f toplulu\u011funun daveti i\u00e7in Serdal Adal\u0131&#8217;ya te\u015fekk\u00fcr ederim. Ho\u015f bir ak\u015famd\u0131. Yabanc\u0131 hakem hususuyla ilgili gerekli a\u00e7\u0131klamalar\u0131 yapaca\u011f\u0131z.&#8221;<\/strong> dedi.<\/p>\n<\/div>\n<p><\/p>\n","protected":false},"excerpt":{"rendered":"<p>TFF Lider Vekili Mecnun Otyakmaz, Be\u015fikta\u015f&#8217;\u0131n yabanc\u0131 hakem iste\u011fiyle ilgili a\u00e7\u0131klama yapacaklar\u0131n\u0131 s\u00f6yledi.<\/p>\n","protected":false},"author":1,"featured_media":28947,"comment_status":"open","ping_status":"open","sticky":false,"template":"","format":"standard","meta":{"footnotes":""},"categories":[10],"tags":[],"class_list":["post-28946","post","type-post","status-publish","format-standard","has-post-thumbnail","hentry","category-basketbol"],"_links":{"self":[{"href":"https:\/\/haberbesiktas.tr\/index.php?rest_route=\/wp\/v2\/posts\/28946","targetHints":{"allow":["GET"]}}],"collection":[{"href":"https:\/\/haberbesiktas.tr\/index.php?rest_route=\/wp\/v2\/posts"}],"about":[{"href":"https:\/\/haberbesiktas.tr\/index.php?rest_route=\/wp\/v2\/types\/post"}],"author":[{"embeddable":true,"href":"https:\/\/haberbesiktas.tr\/index.php?rest_route=\/wp\/v2\/users\/1"}],"replies":[{"embeddable":true,"href":"https:\/\/haberbesiktas.tr\/index.php?rest_route=%2Fwp%2Fv2%2Fcomments&post=28946"}],"version-history":[{"count":1,"href":"https:\/\/haberbesiktas.tr\/index.php?rest_route=\/wp\/v2\/posts\/28946\/revisions"}],"predecessor-version":[{"id":28948,"href":"https:\/\/haberbesiktas.tr\/index.php?rest_route=\/wp\/v2\/posts\/28946\/revisions\/28948"}],"wp:featuredmedia":[{"embeddable":true,"href":"https:\/\/haberbesiktas.tr\/index.php?rest_route=\/wp\/v2\/media\/28947"}],"wp:attachment":[{"href":"https:\/\/haberbesiktas.tr\/index.php?rest_route=%2Fwp%2Fv2%2Fmedia&parent=28946"}],"wp:term":[{"taxonomy":"category","embeddable":true,"href":"https:\/\/haberbesiktas.tr\/index.php?rest_route=%2Fwp%2Fv2%2Fcategories&post=28946"},{"taxonomy":"post_tag","embeddable":true,"href":"https:\/\/haberbesiktas.tr\/index.php?rest_route=%2Fwp%2Fv2%2Ftags&post=28946"}],"curies":[{"name":"wp","href":"https:\/\/api.w.org\/{rel}","templated":true}]}}