{"id":28958,"date":"2025-05-11T02:48:11","date_gmt":"2025-05-11T02:48:11","guid":{"rendered":"https:\/\/haberbesiktas.tr\/?p=28958"},"modified":"2025-05-11T02:48:11","modified_gmt":"2025-05-11T02:48:11","slug":"milli-takimimizdan-10-metrede-altin-madalya-2","status":"publish","type":"post","link":"https:\/\/haberbesiktas.tr\/?p=28958","title":{"rendered":"Milli tak\u0131m\u0131m\u0131zdan 10 metrede alt\u0131n madalya!"},"content":{"rendered":"<div>H\u0131rvatistan&#8217;da d\u00fczenlenen Avrupa Haval\u0131 Silahlar \u015eampiyonas\u0131&#8217;nda \u015eevval \u0130layda Tarhan, \u015eimal Y\u0131lmaz ve Esra Bozabal\u0131&#8217;dan olu\u015fan ulusal grup, bayanlar 10 metre haval\u0131 tabanca trio kategorisinde alt\u0131n madalya ald\u0131.<\/p>\n<p> T\u00fcrkiye At\u0131c\u0131l\u0131k Federasyonunun a\u00e7\u0131klamas\u0131na nazaran Osijek kentindeki tertipte, bayanlar 10 metre haval\u0131 tabanca trio kategorisinde madalyalar sahiplerini buldu.<\/p>\n<p> \u015eevval \u0130layda, \u015eimal ve Esra&#8217;n\u0131n yer ald\u0131\u011f\u0131 ulusal ekip, alt\u0131n madalya ma\u00e7\u0131nda Monika Karsch, Susanne Neisinger ve Doreen Vennekamp&#8217;tan olu\u015fan Almanya ile kar\u015f\u0131la\u015ft\u0131.<\/p>\n<p> Kar\u015f\u0131la\u015fmay\u0131 16-4 kazanan ay-y\u0131ld\u0131zl\u0131lar, Avrupa \u015fampiyonu oldu.<\/p>\n<p> Bu kategoride bronz madalyay\u0131 ise Ukrayna kazand\u0131.\u00a0<\/p>\n<div><strong><strong><span>Bakan Bak&#8217;tan kad\u0131n milli at\u0131c\u0131lar i\u00e7in tebrik mesaj\u0131\u00a0<\/span><\/strong><\/strong> Gen\u00e7lik ve Spor Bakan\u0131 Osman A\u015fk\u0131n Bak, H\u0131rvatistan&#8217;da d\u00fczenlenen Avrupa Haval\u0131 Silahlar \u015eampiyonas\u0131&#8217;nda bayanlar 10 metre haval\u0131 tabanca trio kategorisinde alt\u0131n madalya kazanan ulusal kadro i\u00e7in tebrik iletisi yay\u0131mlad\u0131.<\/p>\n<p> Bakan Bak, tebrik mesaj\u0131nda \u015fu s\u00f6zlere yer verdi:<\/p>\n<p> &#8220;H\u0131rvatistan&#8217;\u0131n Osijek kentinde d\u00fczenlenen Avrupa Haval\u0131 Silahlar \u015eampiyonas\u0131&#8217;nda alt\u0131n madalya kazanan \u015eevval \u0130layda Tarhan, \u015eimal Y\u0131lmaz ve Esra Bozabal\u0131&#8217;dan olu\u015fan 10 Metre Haval\u0131 Tabanca Bayan Trio Grubumuzu g\u00f6n\u00fclden tebrik ediyorum. Son periyotta elde edilen ba\u015far\u0131larla \u00fclkemizi at\u0131c\u0131l\u0131kta hat\u0131r\u0131 say\u0131l\u0131r bir d\u00fczeye \u00e7\u0131kartan, ba\u015fta atletlerimiz olmak \u00fczere, antren\u00f6rlerimize, y\u00f6neticilerimize ve eme\u011fi ge\u00e7enlere te\u015fekk\u00fcrlerimi sunuyorum.&#8221;<\/p><\/div>\n<div>\u00a0<\/div>\n<\/div>\n<p><\/p>\n","protected":false},"excerpt":{"rendered":"<p>Avrupa Haval\u0131 Silahlar \u015eampiyonas\u0131&#8217;nda \u015eevval \u0130layda Tarhan, \u015eimal Y\u0131lmaz ve Esra Bozabal\u0131&#8217;dan olu\u015fan ulusal kadro, bayanlar 10 metre haval\u0131 tabanca trio kategorisinde alt\u0131n madalya kazand\u0131.<\/p>\n","protected":false},"author":1,"featured_media":28959,"comment_status":"open","ping_status":"open","sticky":false,"template":"","format":"standard","meta":{"footnotes":""},"categories":[10],"tags":[1902,246,339],"class_list":["post-28958","post","type-post","status-publish","format-standard","has-post-thumbnail","hentry","category-basketbol","tag-havali","tag-kadin","tag-madalya"],"_links":{"self":[{"href":"https:\/\/haberbesiktas.tr\/index.php?rest_route=\/wp\/v2\/posts\/28958","targetHints":{"allow":["GET"]}}],"collection":[{"href":"https:\/\/haberbesiktas.tr\/index.php?rest_route=\/wp\/v2\/posts"}],"about":[{"href":"https:\/\/haberbesiktas.tr\/index.php?rest_route=\/wp\/v2\/types\/post"}],"author":[{"embeddable":true,"href":"https:\/\/haberbesiktas.tr\/index.php?rest_route=\/wp\/v2\/users\/1"}],"replies":[{"embeddable":true,"href":"https:\/\/haberbesiktas.tr\/index.php?rest_route=%2Fwp%2Fv2%2Fcomments&post=28958"}],"version-history":[{"count":1,"href":"https:\/\/haberbesiktas.tr\/index.php?rest_route=\/wp\/v2\/posts\/28958\/revisions"}],"predecessor-version":[{"id":28960,"href":"https:\/\/haberbesiktas.tr\/index.php?rest_route=\/wp\/v2\/posts\/28958\/revisions\/28960"}],"wp:featuredmedia":[{"embeddable":true,"href":"https:\/\/haberbesiktas.tr\/index.php?rest_route=\/wp\/v2\/media\/28959"}],"wp:attachment":[{"href":"https:\/\/haberbesiktas.tr\/index.php?rest_route=%2Fwp%2Fv2%2Fmedia&parent=28958"}],"wp:term":[{"taxonomy":"category","embeddable":true,"href":"https:\/\/haberbesiktas.tr\/index.php?rest_route=%2Fwp%2Fv2%2Fcategories&post=28958"},{"taxonomy":"post_tag","embeddable":true,"href":"https:\/\/haberbesiktas.tr\/index.php?rest_route=%2Fwp%2Fv2%2Ftags&post=28958"}],"curies":[{"name":"wp","href":"https:\/\/api.w.org\/{rel}","templated":true}]}}