{"id":28964,"date":"2025-05-11T03:12:10","date_gmt":"2025-05-11T03:12:10","guid":{"rendered":"https:\/\/haberbesiktas.tr\/?p=28964"},"modified":"2025-05-11T03:12:10","modified_gmt":"2025-05-11T03:12:10","slug":"milli-guresci-alperen-berber-finale-cikti-2","status":"publish","type":"post","link":"https:\/\/haberbesiktas.tr\/?p=28964","title":{"rendered":"Milli g\u00fcre\u015f\u00e7i Alperen Berber finale \u00e7\u0131kt\u0131!"},"content":{"rendered":"<div>Arnavutluk&#8217;ta devam eden 23 Ya\u015f Alt\u0131 Avrupa G\u00fcre\u015f \u015eampiyonas\u0131&#8217;nda ulusal sportmen Alperen Berber, ismini finale yazd\u0131rd\u0131.<\/p>\n<p> Ba\u015f\u015fehir Tiran&#8217;da d\u00fczenlenen tertibin be\u015finci g\u00fcn\u00fcnde grekoromen tarz 87 kiloda mindere \u00e7\u0131kan Alperen Berber, \u00e7eyrek finalde ba\u011f\u0131ms\u0131z atlet Baskhan Saidov&#8217;u 6-1, yar\u0131 finalde ise Ukraynal\u0131 Ivan Chmyr&#8217;i 4-1 yenerek finale y\u00fckseldi.<\/p>\n<p> Ulusal g\u00fcre\u015f\u00e7i, yar\u0131n alt\u0131n madalya ma\u00e7\u0131nda Fransa&#8217;dan Vladimeri Karchaidze ile kar\u015f\u0131la\u015facak.<\/p>\n<p> Grekoromen tarzda yar\u0131 final ma\u00e7lar\u0131n\u0131 kaybeden Mehmet Hanifi Sarp (55 kilo) ve Cemal Yusuf Bak\u0131r (130 kilo) ise yar\u0131n bronz madalya i\u00e7in mindere gelecek.<\/p>\n<\/div>\n<p><\/p>\n","protected":false},"excerpt":{"rendered":"<p>Ulusal g\u00fcre\u015f\u00e7i Alperen Berber, 23 Ya\u015f Alt\u0131 Avrupa G\u00fcre\u015f \u015eampiyonas\u0131&#8217;nda finale y\u00fckseldi.<\/p>\n","protected":false},"author":1,"featured_media":28965,"comment_status":"open","ping_status":"open","sticky":false,"template":"","format":"standard","meta":{"footnotes":""},"categories":[10],"tags":[235],"class_list":["post-28964","post","type-post","status-publish","format-standard","has-post-thumbnail","hentry","category-basketbol","tag-final"],"_links":{"self":[{"href":"https:\/\/haberbesiktas.tr\/index.php?rest_route=\/wp\/v2\/posts\/28964","targetHints":{"allow":["GET"]}}],"collection":[{"href":"https:\/\/haberbesiktas.tr\/index.php?rest_route=\/wp\/v2\/posts"}],"about":[{"href":"https:\/\/haberbesiktas.tr\/index.php?rest_route=\/wp\/v2\/types\/post"}],"author":[{"embeddable":true,"href":"https:\/\/haberbesiktas.tr\/index.php?rest_route=\/wp\/v2\/users\/1"}],"replies":[{"embeddable":true,"href":"https:\/\/haberbesiktas.tr\/index.php?rest_route=%2Fwp%2Fv2%2Fcomments&post=28964"}],"version-history":[{"count":1,"href":"https:\/\/haberbesiktas.tr\/index.php?rest_route=\/wp\/v2\/posts\/28964\/revisions"}],"predecessor-version":[{"id":28966,"href":"https:\/\/haberbesiktas.tr\/index.php?rest_route=\/wp\/v2\/posts\/28964\/revisions\/28966"}],"wp:featuredmedia":[{"embeddable":true,"href":"https:\/\/haberbesiktas.tr\/index.php?rest_route=\/wp\/v2\/media\/28965"}],"wp:attachment":[{"href":"https:\/\/haberbesiktas.tr\/index.php?rest_route=%2Fwp%2Fv2%2Fmedia&parent=28964"}],"wp:term":[{"taxonomy":"category","embeddable":true,"href":"https:\/\/haberbesiktas.tr\/index.php?rest_route=%2Fwp%2Fv2%2Fcategories&post=28964"},{"taxonomy":"post_tag","embeddable":true,"href":"https:\/\/haberbesiktas.tr\/index.php?rest_route=%2Fwp%2Fv2%2Ftags&post=28964"}],"curies":[{"name":"wp","href":"https:\/\/api.w.org\/{rel}","templated":true}]}}