{"id":2902,"date":"2025-01-11T22:54:44","date_gmt":"2025-01-11T22:54:44","guid":{"rendered":"https:\/\/haberbesiktas.tr\/?p=2902"},"modified":"2025-01-11T22:54:44","modified_gmt":"2025-01-11T22:54:44","slug":"yeni-malatyasporda-baskan-istifa-etti","status":"publish","type":"post","link":"https:\/\/haberbesiktas.tr\/?p=2902","title":{"rendered":"Yeni Malatyaspor&#8217;da ba\u015fkan istifa etti"},"content":{"rendered":"<div>Yeni Malatyaspor Kul\u00fcb\u00fc Ba\u015fkan\u0131\u00a0<strong>\u015eahin Altunok<\/strong>, vazifesinden istifa etti\u011fini duyurdu.<\/p>\n<div><strong>\u0130\u015fte \u015eahin Altunok&#8217;un istifa a\u00e7\u0131klamalar\u0131:<\/strong><br \/> &#8220;B\u00fcy\u00fck hayaller ve umutlarla misyona geldi\u011fim Yeni Malatyaspor Kul\u00fcb\u00fc Ba\u015fkanl\u0131\u011f\u0131ndan istifa etme karar\u0131 alm\u0131\u015f bulunmaktay\u0131m.&#8221;<\/p>\n<p> &#8220;Sahipsizli\u011fe terk edilmi\u015f kadromuzu sahiplenmek, \u015fiddetli g\u00fcnleri el birli\u011fiyle geride b\u0131rakmak i\u00e7in u\u011fra\u015f ettik.&#8221;<\/p>\n<p> &#8220;Lakin bu \u00e7abam\u0131zda dayanak bulamad\u0131k Sahipsizli\u011fe terk edilmi\u015f kul\u00fcb\u00fcm\u00fcz\u00fc sahiplenecek bir tek ki\u015fi dahi bulamad\u0131k Malumunuz \u00fczere bu kadar b\u00fcy\u00fck bir borcun yaln\u0131zca \u015fahs\u0131m ve idarem taraf\u0131ndan kar\u015f\u0131lanmas\u0131 m\u00fcmk\u00fcn de\u011fildir. Ayr\u0131yeten vakit kazanmak ve birtak\u0131m ad\u0131mlar atabilmek ismine yapm\u0131\u015f oldu\u011fumuz ligden \u00e7ekilme te\u015febb\u00fcslerimiz de tekrar desteklenmeyerek reddedilmi\u015ftir. Bizlerde ge\u00e7mi\u015f idarelerin yapt\u0131\u011f\u0131 yanl\u0131\u015flar\u0131 yapmamak, bir \u015feyler yapam\u0131yorsak bu koltu\u011fu bo\u015f yere i\u015fgal etmemek ismine misyonu b\u0131rakma karar\u0131 al\u0131yoruz. D\u00fcn ve bug\u00fcn oldu\u011fu \u00fczere kul\u00fcb\u00fcm\u00fcze dayana\u011f\u0131m\u0131z ne olursa olsun devam edecek. Tek temennimiz ekibimizin bu g\u00fc\u00e7l\u00fc s\u00fcre\u00e7leri geride b\u0131rakarak, tekrar hak etti\u011fi o ihti\u015faml\u0131 g\u00fcnlerine d\u00f6nmesi.&#8221;<\/p><\/div>\n<p>https:\/\/twitter.com\/sporx\/status\/1877370691877499118<\/p>\n<\/p><\/div>\n","protected":false},"excerpt":{"rendered":"<p>Yeni Malatyaspor Kul\u00fcb\u00fc Lideri \u015eahin Altunok, vazifesinden istifa etti\u011fini a\u00e7\u0131klad\u0131.<\/p>\n","protected":false},"author":1,"featured_media":2903,"comment_status":"open","ping_status":"open","sticky":false,"template":"","format":"standard","meta":{"footnotes":""},"categories":[25],"tags":[],"class_list":["post-2902","post","type-post","status-publish","format-standard","has-post-thumbnail","hentry","category-futbol"],"_links":{"self":[{"href":"https:\/\/haberbesiktas.tr\/index.php?rest_route=\/wp\/v2\/posts\/2902","targetHints":{"allow":["GET"]}}],"collection":[{"href":"https:\/\/haberbesiktas.tr\/index.php?rest_route=\/wp\/v2\/posts"}],"about":[{"href":"https:\/\/haberbesiktas.tr\/index.php?rest_route=\/wp\/v2\/types\/post"}],"author":[{"embeddable":true,"href":"https:\/\/haberbesiktas.tr\/index.php?rest_route=\/wp\/v2\/users\/1"}],"replies":[{"embeddable":true,"href":"https:\/\/haberbesiktas.tr\/index.php?rest_route=%2Fwp%2Fv2%2Fcomments&post=2902"}],"version-history":[{"count":1,"href":"https:\/\/haberbesiktas.tr\/index.php?rest_route=\/wp\/v2\/posts\/2902\/revisions"}],"predecessor-version":[{"id":2904,"href":"https:\/\/haberbesiktas.tr\/index.php?rest_route=\/wp\/v2\/posts\/2902\/revisions\/2904"}],"wp:featuredmedia":[{"embeddable":true,"href":"https:\/\/haberbesiktas.tr\/index.php?rest_route=\/wp\/v2\/media\/2903"}],"wp:attachment":[{"href":"https:\/\/haberbesiktas.tr\/index.php?rest_route=%2Fwp%2Fv2%2Fmedia&parent=2902"}],"wp:term":[{"taxonomy":"category","embeddable":true,"href":"https:\/\/haberbesiktas.tr\/index.php?rest_route=%2Fwp%2Fv2%2Fcategories&post=2902"},{"taxonomy":"post_tag","embeddable":true,"href":"https:\/\/haberbesiktas.tr\/index.php?rest_route=%2Fwp%2Fv2%2Ftags&post=2902"}],"curies":[{"name":"wp","href":"https:\/\/api.w.org\/{rel}","templated":true}]}}