{"id":2905,"date":"2025-01-11T23:06:41","date_gmt":"2025-01-11T23:06:41","guid":{"rendered":"https:\/\/haberbesiktas.tr\/?p=2905"},"modified":"2025-01-11T23:06:41","modified_gmt":"2025-01-11T23:06:41","slug":"fenerbahce-yabanci-var-istemedigimiz-dogru-degil","status":"publish","type":"post","link":"https:\/\/haberbesiktas.tr\/?p=2905","title":{"rendered":"Fenerbah\u00e7e: &#8220;Yabanc\u0131 VAR istemedi\u011fimiz do\u011fru de\u011fil&#8221;"},"content":{"rendered":"<div>Fenerbah\u00e7e Kul\u00fcb\u00fc, d\u00f6nem ba\u015f\u0131nda yabanc\u0131 VAR hakemi istemediklerine y\u00f6nelik tezleri yalanlad\u0131.<\/p>\n<p><strong>\u0130\u015fte Fenerbah\u00e7e&#8217;den yap\u0131lan a\u00e7\u0131klama;<\/strong><\/p>\n<p>&#8220;\u00d6ncelikle d\u00fcn &#8220;Galatasaray \u00f6nerdi Fenerbah\u00e7e \u0130stemedi&#8221; ba\u015fl\u0131\u011f\u0131yla Fotoma\u00e7 gazetesinde yer alan, Liderimiz Ali Y. Ko\u00e7 taraf\u0131ndan d\u00fczenlenen bas\u0131n toplant\u0131s\u0131nda a\u00e7\u0131k bir bi\u00e7imde yalanlanmas\u0131na kar\u015f\u0131n sonras\u0131nda Tahir Kum taraf\u0131ndan tekrar deverana sokulan &#8220;Galatasaray Genel Sekreteri Eray Yazgan taraf\u0131ndan d\u00f6nem ba\u015f\u0131nda Yabanc\u0131 Var Hakemi istenmesine kar\u015f\u0131l\u0131k, kul\u00fcb\u00fcm\u00fcz\u00fcn bu talebe muhalefet etti\u011fi&#8221; taraf\u0131ndaki haberler muhakkak ger\u00e7e\u011fi yans\u0131tmamaktad\u0131r.<\/p>\n<p> T\u00fcrk futboluna \u00e7\u00f6reklenmi\u015f yap\u0131n\u0131n giderek zay\u0131flamas\u0131 \u00fczerine, <br \/>T\u00fcrkiye Futbol Federasyonu ve hakemler ortas\u0131nda haber kaynaklar\u0131 kuruyan bu yap\u0131n\u0131n medya ayaklar\u0131n\u0131n, palavra olmas\u0131na kar\u015f\u0131n ilgili haberi tekrar dolan\u0131ma sokmalar\u0131n\u0131n sebebi belirlidir.<\/p>\n<p> Kamuoyunun ve toplulu\u011fumuzun bu ve gibisi gazetecilerin haberlerini dikkate almamas\u0131n\u0131 ehemmiyetle rica ederiz.&#8221;<\/p>\n<\/div>\n","protected":false},"excerpt":{"rendered":"<p>Fenerbah\u00e7e Kul\u00fcb\u00fc, d\u00f6nem ba\u015f\u0131nda yabanc\u0131 VAR hakemi istemediklerine y\u00f6nelik tezleri yalanlad\u0131.<\/p>\n","protected":false},"author":1,"featured_media":2906,"comment_status":"open","ping_status":"open","sticky":false,"template":"","format":"standard","meta":{"footnotes":""},"categories":[25],"tags":[],"class_list":["post-2905","post","type-post","status-publish","format-standard","has-post-thumbnail","hentry","category-futbol"],"_links":{"self":[{"href":"https:\/\/haberbesiktas.tr\/index.php?rest_route=\/wp\/v2\/posts\/2905","targetHints":{"allow":["GET"]}}],"collection":[{"href":"https:\/\/haberbesiktas.tr\/index.php?rest_route=\/wp\/v2\/posts"}],"about":[{"href":"https:\/\/haberbesiktas.tr\/index.php?rest_route=\/wp\/v2\/types\/post"}],"author":[{"embeddable":true,"href":"https:\/\/haberbesiktas.tr\/index.php?rest_route=\/wp\/v2\/users\/1"}],"replies":[{"embeddable":true,"href":"https:\/\/haberbesiktas.tr\/index.php?rest_route=%2Fwp%2Fv2%2Fcomments&post=2905"}],"version-history":[{"count":1,"href":"https:\/\/haberbesiktas.tr\/index.php?rest_route=\/wp\/v2\/posts\/2905\/revisions"}],"predecessor-version":[{"id":2907,"href":"https:\/\/haberbesiktas.tr\/index.php?rest_route=\/wp\/v2\/posts\/2905\/revisions\/2907"}],"wp:featuredmedia":[{"embeddable":true,"href":"https:\/\/haberbesiktas.tr\/index.php?rest_route=\/wp\/v2\/media\/2906"}],"wp:attachment":[{"href":"https:\/\/haberbesiktas.tr\/index.php?rest_route=%2Fwp%2Fv2%2Fmedia&parent=2905"}],"wp:term":[{"taxonomy":"category","embeddable":true,"href":"https:\/\/haberbesiktas.tr\/index.php?rest_route=%2Fwp%2Fv2%2Fcategories&post=2905"},{"taxonomy":"post_tag","embeddable":true,"href":"https:\/\/haberbesiktas.tr\/index.php?rest_route=%2Fwp%2Fv2%2Ftags&post=2905"}],"curies":[{"name":"wp","href":"https:\/\/api.w.org\/{rel}","templated":true}]}}