{"id":29136,"date":"2025-05-11T14:24:15","date_gmt":"2025-05-11T14:24:15","guid":{"rendered":"https:\/\/haberbesiktas.tr\/?p=29136"},"modified":"2025-05-11T14:24:15","modified_gmt":"2025-05-11T14:24:15","slug":"gabriel-saraya-championshipten-talip","status":"publish","type":"post","link":"https:\/\/haberbesiktas.tr\/?p=29136","title":{"rendered":"Gabriel Sara&#8217;ya Championship&#8217;ten talip!"},"content":{"rendered":"<div>Galatasaray&#8217;\u0131n Brezilyal\u0131 y\u0131ld\u0131z\u0131 Gabriel Sara, \u0130ngilizler&#8217;in takibinden \u00e7\u0131km\u0131yor.<\/p>\n<p> Sar\u0131-K\u0131rm\u0131z\u0131l\u0131lar&#8217;\u0131n d\u00f6nem ba\u015f\u0131nda Championship Ligi tak\u0131m\u0131 Norwich City&#8217;den tak\u0131m\u0131na katt\u0131\u011f\u0131 Sambac\u0131 i\u00e7in \u0130ngilizler tekrar devrede.<\/p>\n<p> Championship Ligi \u00f6nderi Sheffield United&#8217;\u0131n Gabriel Sara&#8217;y\u0131 transfer etmek i\u00e7in kollar\u0131 s\u0131vad\u0131.<\/p>\n<p> <strong>PREMIER L\u0130G&#8217;E \u00c7IKARSA&#8230;<\/strong><\/p>\n<p> Sheffield, 25 ya\u015f\u0131ndaki oyuncu Norwich City&#8217;de forma giyerken de transferde istekliydi. Lakin o periyot maddi durumlar\u0131 d\u00fczg\u00fcn olmad\u0131\u011f\u0131 i\u00e7in resmi teklifte bulunmad\u0131lar. \u0130ngiliz grubu Premier Lig&#8217;e \u00e7\u0131kmas\u0131 durumunda Brezilyal\u0131 orta sahay\u0131 tak\u0131ma katmay\u0131 planl\u0131yor.<\/p>\n<p> Sheffield United, 37 ma\u00e7 sonunda 77 puanla tepede yer al\u0131yor.<\/p>\n<p> <strong>BU D\u00d6NEM SARA<\/strong><\/p>\n<p> Bu d\u00f6nem 35 m\u00fcsabakada forma giyen Sara, 2 gol atarken 7 de asit yapt\u0131.<\/p>\n<p> <strong>18 M\u0130LYON EUROYA GELD\u0130<\/strong><\/p>\n<p> Norwich City&#8217;den 18 milyon euro bonservis bedeliyle transfer edilen Sambac\u0131&#8217;n\u0131n Galatasaray ile olan kontrat\u0131 2029 y\u0131l\u0131nda sona eriyor.\u00a0\u00a0<\/p>\n<div>\u00a0<\/div>\n<\/div>\n<p><\/p>\n","protected":false},"excerpt":{"rendered":"<p>Championship&#8217;te ba\u015fkan olan Sheffield United, Premier Lig&#8217;e \u00e7\u0131kmas\u0131 halinde Gabriel Sara Galatasaray ile masaya oturacak. \u0130ngiliz grubu, 2 y\u0131ld\u0131r Sara&#8217;y\u0131 yak\u0131ndan takip ediyor.<\/p>\n","protected":false},"author":1,"featured_media":29137,"comment_status":"open","ping_status":"open","sticky":false,"template":"","format":"standard","meta":{"footnotes":""},"categories":[25],"tags":[],"class_list":["post-29136","post","type-post","status-publish","format-standard","has-post-thumbnail","hentry","category-futbol"],"_links":{"self":[{"href":"https:\/\/haberbesiktas.tr\/index.php?rest_route=\/wp\/v2\/posts\/29136","targetHints":{"allow":["GET"]}}],"collection":[{"href":"https:\/\/haberbesiktas.tr\/index.php?rest_route=\/wp\/v2\/posts"}],"about":[{"href":"https:\/\/haberbesiktas.tr\/index.php?rest_route=\/wp\/v2\/types\/post"}],"author":[{"embeddable":true,"href":"https:\/\/haberbesiktas.tr\/index.php?rest_route=\/wp\/v2\/users\/1"}],"replies":[{"embeddable":true,"href":"https:\/\/haberbesiktas.tr\/index.php?rest_route=%2Fwp%2Fv2%2Fcomments&post=29136"}],"version-history":[{"count":1,"href":"https:\/\/haberbesiktas.tr\/index.php?rest_route=\/wp\/v2\/posts\/29136\/revisions"}],"predecessor-version":[{"id":29138,"href":"https:\/\/haberbesiktas.tr\/index.php?rest_route=\/wp\/v2\/posts\/29136\/revisions\/29138"}],"wp:featuredmedia":[{"embeddable":true,"href":"https:\/\/haberbesiktas.tr\/index.php?rest_route=\/wp\/v2\/media\/29137"}],"wp:attachment":[{"href":"https:\/\/haberbesiktas.tr\/index.php?rest_route=%2Fwp%2Fv2%2Fmedia&parent=29136"}],"wp:term":[{"taxonomy":"category","embeddable":true,"href":"https:\/\/haberbesiktas.tr\/index.php?rest_route=%2Fwp%2Fv2%2Fcategories&post=29136"},{"taxonomy":"post_tag","embeddable":true,"href":"https:\/\/haberbesiktas.tr\/index.php?rest_route=%2Fwp%2Fv2%2Ftags&post=29136"}],"curies":[{"name":"wp","href":"https:\/\/api.w.org\/{rel}","templated":true}]}}