{"id":29142,"date":"2025-05-11T14:48:18","date_gmt":"2025-05-11T14:48:18","guid":{"rendered":"https:\/\/haberbesiktas.tr\/?p=29142"},"modified":"2025-05-11T14:48:18","modified_gmt":"2025-05-11T14:48:18","slug":"ancelottiden-arda-gulere-buyuk-ayip","status":"publish","type":"post","link":"https:\/\/haberbesiktas.tr\/?p=29142","title":{"rendered":"Ancelotti&#8217;den Arda G\u00fcler&#8217;e b\u00fcy\u00fck ay\u0131p!"},"content":{"rendered":"<div>\u015eampiyonlar Ligi&#8217;nde Real Madrid penalt\u0131larda Atletico Madrid&#8217;i saf d\u0131\u015f\u0131 b\u0131rakt\u0131 ve \u00e7eyrek finalde Arsenal&#8217;in rakibi oldu. Teknik y\u00f6netici Ancelotti ma\u00e7ta tekrar Arda G\u00fcler&#8217;e baht vermedi. <\/p>\n<p><strong>ISINMAYA G\u00d6NDER\u0130P ALMADI<\/strong><\/p>\n<p>M\u00fccadele penalt\u0131lara giderken, Arda G\u00fcler son dakikalarda \u0131s\u0131nmaya g\u00f6nderildi. Fakat Carlo Ancelotti, fikrini de\u011fi\u015ftirdi ve Arda&#8217;y\u0131 tekrar kul\u00fcbeye oturttu.<\/p>\n<p> <strong>SOSYAL MEDYADA B\u00dcY\u00dcK TEPK\u0130<\/strong><\/p>\n<p>Arda G\u00fcler&#8217;in Real Madrid&#8217;de bir t\u00fcrl\u00fc forma talihi bulamamas\u0131 reaksiyonlara de neden oldu. Toplumsal medyada binlerce kullan\u0131c\u0131, &#8220;Arda G\u00fcler hak etti\u011fi k\u0131ymeti g\u00f6rm\u00fcyor&#8221;,<strong> &#8220;Ancelotti, Arda&#8217;y\u0131 \u015fuurlu olarak oynatm\u0131yor&#8221;<\/strong>, <strong>&#8220;Milli y\u0131ld\u0131z\u0131m\u0131za yap\u0131lan b\u00fcy\u00fck ay\u0131p!&#8221;<\/strong> \u00fczere yorumlar yapt\u0131.<\/p>\n<p> <strong>PERFORMANSI<\/strong><\/p>\n<p>Milli futbolcumuz bu d\u00f6nem t\u00fcm kulvarda 1081 dakika oyunda kald\u0131 ve 3 gol 5 asistlik katk\u0131da bulundu.<\/p>\n<\/div>\n<p><\/p>\n","protected":false},"excerpt":{"rendered":"<p>Real Madrid, UEFA \u015eampiyonlar Ligi son 16 \u00e7e\u015fidi r\u00f6van\u015f ma\u00e7\u0131nda Atletico Madrid&#8217;i penalt\u0131larla eledi. 120 dakika oynanan ma\u00e7ta Arda G\u00fcler&#8217;in oyuna al\u0131nmamas\u0131 b\u00fcy\u00fck reaksiyonlara neden oldu.<\/p>\n","protected":false},"author":1,"featured_media":29143,"comment_status":"open","ping_status":"open","sticky":false,"template":"","format":"standard","meta":{"footnotes":""},"categories":[25],"tags":[864],"class_list":["post-29142","post","type-post","status-publish","format-standard","has-post-thumbnail","hentry","category-futbol","tag-arda"],"_links":{"self":[{"href":"https:\/\/haberbesiktas.tr\/index.php?rest_route=\/wp\/v2\/posts\/29142","targetHints":{"allow":["GET"]}}],"collection":[{"href":"https:\/\/haberbesiktas.tr\/index.php?rest_route=\/wp\/v2\/posts"}],"about":[{"href":"https:\/\/haberbesiktas.tr\/index.php?rest_route=\/wp\/v2\/types\/post"}],"author":[{"embeddable":true,"href":"https:\/\/haberbesiktas.tr\/index.php?rest_route=\/wp\/v2\/users\/1"}],"replies":[{"embeddable":true,"href":"https:\/\/haberbesiktas.tr\/index.php?rest_route=%2Fwp%2Fv2%2Fcomments&post=29142"}],"version-history":[{"count":1,"href":"https:\/\/haberbesiktas.tr\/index.php?rest_route=\/wp\/v2\/posts\/29142\/revisions"}],"predecessor-version":[{"id":29144,"href":"https:\/\/haberbesiktas.tr\/index.php?rest_route=\/wp\/v2\/posts\/29142\/revisions\/29144"}],"wp:featuredmedia":[{"embeddable":true,"href":"https:\/\/haberbesiktas.tr\/index.php?rest_route=\/wp\/v2\/media\/29143"}],"wp:attachment":[{"href":"https:\/\/haberbesiktas.tr\/index.php?rest_route=%2Fwp%2Fv2%2Fmedia&parent=29142"}],"wp:term":[{"taxonomy":"category","embeddable":true,"href":"https:\/\/haberbesiktas.tr\/index.php?rest_route=%2Fwp%2Fv2%2Fcategories&post=29142"},{"taxonomy":"post_tag","embeddable":true,"href":"https:\/\/haberbesiktas.tr\/index.php?rest_route=%2Fwp%2Fv2%2Ftags&post=29142"}],"curies":[{"name":"wp","href":"https:\/\/api.w.org\/{rel}","templated":true}]}}