{"id":29151,"date":"2025-05-11T15:24:16","date_gmt":"2025-05-11T15:24:16","guid":{"rendered":"https:\/\/haberbesiktas.tr\/?p=29151"},"modified":"2025-05-11T15:24:16","modified_gmt":"2025-05-11T15:24:16","slug":"fenerbahce-avrupada-turu-nasil-gecer-2","status":"publish","type":"post","link":"https:\/\/haberbesiktas.tr\/?p=29151","title":{"rendered":"Fenerbah\u00e7e Avrupa&#8217;da turu nas\u0131l ge\u00e7er?"},"content":{"rendered":"<div>\n<p>UEFA Avrupa Ligi&#8217;nin son 16 tipi birinci ma\u00e7\u0131nda \u0130sko\u00e7ya&#8217;n\u0131n Rangers grubuna kendi alan\u0131nda 3-1 ma\u011flup olan Fenerbah\u00e7e i\u00e7in cins zora girdi.<\/p>\n<p><strong>TUR \u0130\u00c7\u0130N 2 VE DAHA FARKLI GAL\u0130B\u0130YET\u00a0<\/strong><\/p>\n<p> Sar\u0131 lacivertliler, Avrupa&#8217;da \u00e7eyrek finale ismini yazd\u0131rmak i\u00e7in \u0130sko\u00e7ya&#8217;dan 2 ve daha farkl\u0131 galibiyetle ayr\u0131lmak zorunda.\u00a0<\/p>\n<p>Sar\u0131-lacivertlilerin 2 farkl\u0131 galibiyeti durumunda uzatmaya gidecek m\u00fcsabakada Rangers&#8217;a her t\u00fcrl\u00fc galibiyet ve beraberli\u011fin yan\u0131 s\u0131ra 1 farkl\u0131 yenilgide \u00e7e\u015fit i\u00e7in k\u00e2fi olacak.<\/p>\n<p> Kar\u015f\u0131la\u015fma Fenerbah\u00e7e&#8217;nin 2 farkl\u0131 galibiyetiyle tamamlanmas\u0131 durumunda uzayacak m\u00fcsabakada evvel 15&#8217;er dakikal\u0131k iki uzatma k\u0131sm\u0131 oynanacak. Burada da e\u015fitli\u011fin bozulmamas\u0131 durumunda tipi ge\u00e7en taraf\u0131 seri penalt\u0131 at\u0131\u015flar\u0131 belirleyecek.\u00a0<\/p>\n<div>\u00a0<\/div>\n<\/div>\n<p><\/p>\n","protected":false},"excerpt":{"rendered":"<p>Fenerbah\u00e7e, UEFA Avrupa Ligi&#8217;nde \u00e7eyrek finale y\u00fckselmek i\u00e7in Rangers&#8217;\u0131 en az 2 farkl\u0131 skorla ma\u011flup etmek zorunda.<\/p>\n","protected":false},"author":1,"featured_media":29152,"comment_status":"open","ping_status":"open","sticky":false,"template":"","format":"standard","meta":{"footnotes":""},"categories":[25],"tags":[904,242,221],"class_list":["post-29151","post","type-post","status-publish","format-standard","has-post-thumbnail","hentry","category-futbol","tag-farkli","tag-galibiyet","tag-tur"],"_links":{"self":[{"href":"https:\/\/haberbesiktas.tr\/index.php?rest_route=\/wp\/v2\/posts\/29151","targetHints":{"allow":["GET"]}}],"collection":[{"href":"https:\/\/haberbesiktas.tr\/index.php?rest_route=\/wp\/v2\/posts"}],"about":[{"href":"https:\/\/haberbesiktas.tr\/index.php?rest_route=\/wp\/v2\/types\/post"}],"author":[{"embeddable":true,"href":"https:\/\/haberbesiktas.tr\/index.php?rest_route=\/wp\/v2\/users\/1"}],"replies":[{"embeddable":true,"href":"https:\/\/haberbesiktas.tr\/index.php?rest_route=%2Fwp%2Fv2%2Fcomments&post=29151"}],"version-history":[{"count":1,"href":"https:\/\/haberbesiktas.tr\/index.php?rest_route=\/wp\/v2\/posts\/29151\/revisions"}],"predecessor-version":[{"id":29153,"href":"https:\/\/haberbesiktas.tr\/index.php?rest_route=\/wp\/v2\/posts\/29151\/revisions\/29153"}],"wp:featuredmedia":[{"embeddable":true,"href":"https:\/\/haberbesiktas.tr\/index.php?rest_route=\/wp\/v2\/media\/29152"}],"wp:attachment":[{"href":"https:\/\/haberbesiktas.tr\/index.php?rest_route=%2Fwp%2Fv2%2Fmedia&parent=29151"}],"wp:term":[{"taxonomy":"category","embeddable":true,"href":"https:\/\/haberbesiktas.tr\/index.php?rest_route=%2Fwp%2Fv2%2Fcategories&post=29151"},{"taxonomy":"post_tag","embeddable":true,"href":"https:\/\/haberbesiktas.tr\/index.php?rest_route=%2Fwp%2Fv2%2Ftags&post=29151"}],"curies":[{"name":"wp","href":"https:\/\/api.w.org\/{rel}","templated":true}]}}