{"id":29154,"date":"2025-05-11T15:36:18","date_gmt":"2025-05-11T15:36:18","guid":{"rendered":"https:\/\/haberbesiktas.tr\/?p=29154"},"modified":"2025-05-11T15:36:18","modified_gmt":"2025-05-11T15:36:18","slug":"tum-dunya-alvarezin-penaltisini-konusuyor","status":"publish","type":"post","link":"https:\/\/haberbesiktas.tr\/?p=29154","title":{"rendered":"T\u00fcm d\u00fcnya Alvarez&#8217;in penalt\u0131s\u0131n\u0131 konu\u015fuyor!"},"content":{"rendered":"<div>\u015eampiyonlar Ligi son 16 tipi d\u00fcn oynanan ma\u00e7lar\u0131n akabinde tamamland\u0131. Devler Ligi&#8217;nde \u00e7eyrek finale kalan kadrolar netle\u015firken gecenin ma\u00e7\u0131nda Atletico Madrid ile Real Madrid kar\u015f\u0131 kar\u015f\u0131ya geldi.<\/p>\n<p> Real Madrid&#8217;in alan\u0131nda oynanan birinci ma\u00e7\u0131 eflatun-beyazl\u0131lar 2-1 kazanm\u0131\u015f ve avantaj\u0131 yakalam\u0131\u015ft\u0131. R\u00f6van\u015f ma\u00e7\u0131nda ise Atletico Madrid <\/p>\n<p>erken\u00a0bir golle \u00fcst\u00fcnl\u00fc\u011f\u00fc yakalarken 90 dakikada di\u011fer gol sesi \u00e7\u0131kmay\u0131nca gayret uzatmalara gitti.<\/p>\n<p> <strong>ALVAREZ&#8217;\u0130N PENALTISI SAYILMADI<\/strong><\/p>\n<p>Ma\u00e7\u0131n uzatma k\u0131sm\u0131nda de a\u011flar havalanmad\u0131 ve \u00e7e\u015fidi ge\u00e7en grubu penalt\u0131lar verdi. Real Madrid penalt\u0131 at\u0131\u015flar\u0131nda rakibini 4-2 ma\u011flup edip \u00e7eyrek finale kald\u0131. Atletico Madrid&#8217;de Julian Alvarez&#8217;in penalt\u0131s\u0131 ise ma\u00e7a damga vururken tart\u0131\u015fmalara sebep oldu.<\/p>\n<p> Atletico Madrid&#8217;in ikinci penalt\u0131s\u0131nda topun ba\u015f\u0131na ge\u00e7en Julian Alvarez, aya\u011f\u0131n\u0131n kaymas\u0131na kar\u015f\u0131n a\u011flar\u0131 havaland\u0131rd\u0131. Golden sonra yap\u0131lan VAR incelemesinde Alvarez&#8217;in topa iki sefer dokundu\u011fu tespit edildi ve gol ge\u00e7erli say\u0131lmad\u0131.<br \/><img decoding=\"async\" src=\"https:\/\/haberbesiktas.tr\/wp-content\/uploads\/2025\/05\/tum-dunya-alvarezin-penaltisini-konusuyor-0-AjqF5MW3.jpeg\"\/><\/p>\n<p><strong>&#8220;MA\u011eDUR\u0130YETTEN BIKTIM&#8221;<\/strong><\/p>\n<p> Ma\u00e7\u0131n akabinde konu\u015fan Real Madrid kalecisi Thibaut Courtois,<strong> &#8220;Bu ma\u011fduriyetten b\u0131kt\u0131m. Bu bi\u00e7im \u015feyler i\u00e7in daima a\u011fl\u0131yorlar. Hakemler ne \u0130spanya&#8217;da ne de Avrupa&#8217;da bir gruba yarar sa\u011flamak istemiyor. Ma\u00e7\u0131n birinci dakikas\u0131nda \u00f6ne ge\u00e7ip ikinciyi atam\u0131yorsan\u0131z bu sizin hatan\u0131zd\u0131r.&#8221;<\/strong> dedi.<\/p>\n<p> <strong>&#8220;DOKUNDU\u011eUNU G\u00d6REN EL KALDIRSIN&#8221;<\/strong><\/p>\n<p>Atletico Madrid Teknik Y\u00f6neticisi Diego Simeone ise penalt\u0131 konumuyla ilgili, <strong>&#8220;Julian&#8217;\u0131n penalt\u0131s\u0131nda topa iki kere dokundu\u011funu g\u00f6ren varsa elini kald\u0131rs\u0131n. Kimse yok de\u011fil mi? VAR&#8217;\u0131n penalt\u0131lar\u0131 inceledi\u011fini daha evvel g\u00f6rmedim. Oyuncular\u0131mla gurur duyuyorum.&#8221;<\/strong> tabirlerini kulland\u0131.<\/p>\n<p> Alvarez&#8217;in penalt\u0131s\u0131 d\u00fcnya bas\u0131n\u0131nda geni\u015f yer bulurken AS gazetesinde yer alan haberde <strong>&#8220;Atletico&#8217;yu alt\u00fcst eden tart\u0131\u015fmal\u0131 penalt\u0131.&#8221;<\/strong> s\u00f6zleri yer ald\u0131. Marca&#8217;da konumla ilgili,<strong> &#8220;Unutulmaz penalt\u0131 at\u0131\u015flar\u0131&#8221;<\/strong> denildi.<\/p>\n<\/div>\n<p><\/p>\n","protected":false},"excerpt":{"rendered":"<p>UEFA \u015eampiyonlar Ligi&#8217;ndeki Madrid derbisinde Real Madrid \u00e7eyrek finale ismini yazd\u0131rd\u0131. M\u00fcsabakaya penalt\u0131lar damga vururken Julian Alvarez&#8217;in penalt\u0131s\u0131 tart\u0131\u015fmalara yol a\u00e7t\u0131.<\/p>\n","protected":false},"author":1,"featured_media":29155,"comment_status":"open","ping_status":"open","sticky":false,"template":"","format":"standard","meta":{"footnotes":""},"categories":[25],"tags":[1052,303,2498],"class_list":["post-29154","post","type-post","status-publish","format-standard","has-post-thumbnail","hentry","category-futbol","tag-atletico-madrid","tag-penalti","tag-penaltisi"],"_links":{"self":[{"href":"https:\/\/haberbesiktas.tr\/index.php?rest_route=\/wp\/v2\/posts\/29154","targetHints":{"allow":["GET"]}}],"collection":[{"href":"https:\/\/haberbesiktas.tr\/index.php?rest_route=\/wp\/v2\/posts"}],"about":[{"href":"https:\/\/haberbesiktas.tr\/index.php?rest_route=\/wp\/v2\/types\/post"}],"author":[{"embeddable":true,"href":"https:\/\/haberbesiktas.tr\/index.php?rest_route=\/wp\/v2\/users\/1"}],"replies":[{"embeddable":true,"href":"https:\/\/haberbesiktas.tr\/index.php?rest_route=%2Fwp%2Fv2%2Fcomments&post=29154"}],"version-history":[{"count":1,"href":"https:\/\/haberbesiktas.tr\/index.php?rest_route=\/wp\/v2\/posts\/29154\/revisions"}],"predecessor-version":[{"id":29157,"href":"https:\/\/haberbesiktas.tr\/index.php?rest_route=\/wp\/v2\/posts\/29154\/revisions\/29157"}],"wp:featuredmedia":[{"embeddable":true,"href":"https:\/\/haberbesiktas.tr\/index.php?rest_route=\/wp\/v2\/media\/29155"}],"wp:attachment":[{"href":"https:\/\/haberbesiktas.tr\/index.php?rest_route=%2Fwp%2Fv2%2Fmedia&parent=29154"}],"wp:term":[{"taxonomy":"category","embeddable":true,"href":"https:\/\/haberbesiktas.tr\/index.php?rest_route=%2Fwp%2Fv2%2Fcategories&post=29154"},{"taxonomy":"post_tag","embeddable":true,"href":"https:\/\/haberbesiktas.tr\/index.php?rest_route=%2Fwp%2Fv2%2Ftags&post=29154"}],"curies":[{"name":"wp","href":"https:\/\/api.w.org\/{rel}","templated":true}]}}