{"id":2917,"date":"2025-01-11T23:54:44","date_gmt":"2025-01-11T23:54:44","guid":{"rendered":"https:\/\/haberbesiktas.tr\/?p=2917"},"modified":"2025-01-11T23:54:44","modified_gmt":"2025-01-11T23:54:44","slug":"fenerbahceden-jose-mourinho-aciklamasi","status":"publish","type":"post","link":"https:\/\/haberbesiktas.tr\/?p=2917","title":{"rendered":"Fenerbah\u00e7e&#8217;den Jose Mourinho a\u00e7\u0131klamas\u0131"},"content":{"rendered":"<div>Fenerbah\u00e7e, teknik y\u00f6netici Jose Mourinho ile ilgili a\u00e7\u0131klamalarda bulunan medya mensubu Ertem \u015eener hakk\u0131nda a\u00e7\u0131klamada bulundu.<\/p>\n<p><strong>Kul\u00fcpten yap\u0131lan a\u00e7\u0131klama \u015fu bi\u00e7imde;<\/strong><\/p>\n<p>&#8220;Teknik Y\u00f6neticimiz Jose Mourinho&#8217;nun futbol dinamikleri hakk\u0131nda yapt\u0131\u011f\u0131 hakl\u0131 ele\u015ftirisini, toplumsal medyada etkile\u015fim alma gayesiyle \u00fcslupsuz bi\u00e7imde farkl\u0131 tabana ta\u015f\u0131maya \u00e7al\u0131\u015fan Ertem \u015eener, haddini ve hududunu a\u015fm\u0131\u015ft\u0131r.<\/p>\n<p> Fenerbah\u00e7e ismini ta\u015f\u0131yan hi\u00e7bir bedele ve d\u00fcnya futbolunda marka kimli\u011fine sahip olan Teknik Y\u00f6neticimize hi\u00e7 kimsenin bu yak\u0131\u015f\u0131ks\u0131z \u00fcslupla konu\u015famayaca\u011f\u0131n\u0131, hadsizlik ve sayg\u0131s\u0131zl\u0131k yapamayaca\u011f\u0131n\u0131 kendisine bildiriyoruz.&#8221;<\/p>\n<p><strong>NE OLMU\u015eTU?<\/strong><\/p>\n<p>Ertem \u015eener, Jose Mourinho i\u00e7in &#8220;<span>Jose Mourinho, sen benim meslekta\u015f\u0131ma korkak diyemezsin. Gel benim canl\u0131 yay\u0131n\u0131ma ba\u011flan. Buras\u0131 T\u00fcrkiye, kendine gel. Milletin g\u00f6z\u00fcne parmak sokarak kupa alan adams\u0131n.&#8221; s\u00f6zlerini kullanm\u0131\u015ft\u0131.<\/span><\/p>\n<\/div>\n","protected":false},"excerpt":{"rendered":"<p>Fenerbah\u00e7e, teknik y\u00f6netici Jose Mourinho ile ilgili a\u00e7\u0131klamalarda bulunan medya mensubu Ertem \u015eener hakk\u0131nda a\u00e7\u0131klamada bulundu.<\/p>\n","protected":false},"author":1,"featured_media":2918,"comment_status":"open","ping_status":"open","sticky":false,"template":"","format":"standard","meta":{"footnotes":""},"categories":[25],"tags":[],"class_list":["post-2917","post","type-post","status-publish","format-standard","has-post-thumbnail","hentry","category-futbol"],"_links":{"self":[{"href":"https:\/\/haberbesiktas.tr\/index.php?rest_route=\/wp\/v2\/posts\/2917","targetHints":{"allow":["GET"]}}],"collection":[{"href":"https:\/\/haberbesiktas.tr\/index.php?rest_route=\/wp\/v2\/posts"}],"about":[{"href":"https:\/\/haberbesiktas.tr\/index.php?rest_route=\/wp\/v2\/types\/post"}],"author":[{"embeddable":true,"href":"https:\/\/haberbesiktas.tr\/index.php?rest_route=\/wp\/v2\/users\/1"}],"replies":[{"embeddable":true,"href":"https:\/\/haberbesiktas.tr\/index.php?rest_route=%2Fwp%2Fv2%2Fcomments&post=2917"}],"version-history":[{"count":1,"href":"https:\/\/haberbesiktas.tr\/index.php?rest_route=\/wp\/v2\/posts\/2917\/revisions"}],"predecessor-version":[{"id":2919,"href":"https:\/\/haberbesiktas.tr\/index.php?rest_route=\/wp\/v2\/posts\/2917\/revisions\/2919"}],"wp:featuredmedia":[{"embeddable":true,"href":"https:\/\/haberbesiktas.tr\/index.php?rest_route=\/wp\/v2\/media\/2918"}],"wp:attachment":[{"href":"https:\/\/haberbesiktas.tr\/index.php?rest_route=%2Fwp%2Fv2%2Fmedia&parent=2917"}],"wp:term":[{"taxonomy":"category","embeddable":true,"href":"https:\/\/haberbesiktas.tr\/index.php?rest_route=%2Fwp%2Fv2%2Fcategories&post=2917"},{"taxonomy":"post_tag","embeddable":true,"href":"https:\/\/haberbesiktas.tr\/index.php?rest_route=%2Fwp%2Fv2%2Ftags&post=2917"}],"curies":[{"name":"wp","href":"https:\/\/api.w.org\/{rel}","templated":true}]}}