{"id":29179,"date":"2025-05-11T17:12:17","date_gmt":"2025-05-11T17:12:17","guid":{"rendered":"https:\/\/haberbesiktas.tr\/?p=29179"},"modified":"2025-05-11T17:12:17","modified_gmt":"2025-05-11T17:12:17","slug":"aydinli-fener-bahce-tam-bir-dogustan-fenerbahceli","status":"publish","type":"post","link":"https:\/\/haberbesiktas.tr\/?p=29179","title":{"rendered":"Ayd\u0131nl\u0131 Fener Bah\u00e7e, tam bir do\u011fu\u015ftan Fenerbah\u00e7eli"},"content":{"rendered":"<div>Ayd\u0131nl\u0131 40 ya\u015f\u0131ndaki fanatik Fenerbah\u00e7e taraftar\u0131 Fener Bah\u00e7e&#8217;nin en b\u00fcy\u00fck hayali stadyumda Fenerbah\u00e7e-Galatasaray derbisini izlemek.<\/p>\n<p> Karacasu Kalemler Mahallesi&#8217;nde ya\u015fayan Fenerbah\u00e7e taraftar\u0131 Onur Bah\u00e7e, g\u00f6n\u00fclden ba\u011fland\u0131\u011f\u0131 grubu 1984-1985 d\u00f6neminde \u015fampiyon olunca, o y\u0131l do\u011fan o\u011fluna Fener ismini verdi.<\/p>\n<p> Fener Bah\u00e7e de vakitle t\u0131pk\u0131 babas\u0131 \u00fczere sar\u0131-lacivertli grubun sevdal\u0131s\u0131 oldu. Fenerbah\u00e7e&#8217;nin ma\u00e7lar\u0131yla b\u00fcy\u00fcyen, galibiyetlerde sevinen, yenilgilerde ise \u00fcz\u00fclen Fener Bah\u00e7e, ismi ve soyad\u0131yla da tuttu\u011fu kadroyla \u00f6zde\u015fle\u015fti.<\/p>\n<p> Tar\u0131mla ge\u00e7imini sa\u011flayan, evli 3 \u00e7ocuk babas\u0131 Fener Bah\u00e7e, ekibinin formas\u0131n\u0131 ya da polar\u0131n\u0131 \u00fczerinden hi\u00e7 \u00e7\u0131karm\u0131yor.<\/p>\n<p> AA muhabirine a\u00e7\u0131klama yapan Fener Bah\u00e7e, bu ismi ta\u015f\u0131d\u0131\u011f\u0131 i\u00e7in sevin\u00e7li oldu\u011funu s\u00f6yledi.<\/p>\n<p> Babas\u0131na bu ismi kendisine verdi\u011fi i\u00e7in te\u015fekk\u00fcr eden Bah\u00e7e, &#8220;<strong>Gurur duyuyorum, sevin\u00e7liyim fakat \u0130stanbul hayalim vard\u0131, oraya gidemedim. En b\u00fcy\u00fck hayalim Fenerbah\u00e7e-Galatasaray derbisi izlemek. Ba\u015fka ekipleri da seviyoruz fakat en b\u00fcy\u00fck hastal\u0131\u011f\u0131m Fenerbah\u00e7e. Babam fanatik Fenerbah\u00e7eliydi ben de onun yolundan gidiyorum. Uygun ki Fenerbah\u00e7eliyim Allah raz\u0131 olsun babamdan<\/strong>.&#8221; diye konu\u015ftu.\u00a0<\/p>\n<p> <span><strong>&#8211; &#8220;Bazen g\u00fcl\u00fcyorlar, bazen inanm\u0131yorlar&#8221;<\/strong><\/span><\/p>\n<p> \u0130nsanlar\u0131n ismini ve soyad\u0131n\u0131 birinci duydu\u011funda \u00e7ok \u015fa\u015f\u0131rd\u0131\u011f\u0131n\u0131 anlatan Bah\u00e7e, en \u00e7ok askerde ismiyle ilgili durumu a\u00e7\u0131klamak zorunda kald\u0131\u011f\u0131n\u0131 lisana getirdi.<\/p>\n<p> Kendisine inanmayanlara kimli\u011fini g\u00f6sterdi\u011fini s\u00f6z eden Bah\u00e7e, \u015funlar\u0131 kaydetti:<\/p>\n<p> &#8220;Nereye gidersem gideyim ismimi duyanlar \u015fa\u015f\u0131r\u0131yor. Doktor kontrol\u00fc i\u00e7in hastaneye gitti\u011fim kesinlikle ismimle alakal\u0131 sorular soruyorlar. Bazen g\u00fcl\u00fcyorlar, bazen inanm\u0131yorlar. Yeterliyim, memnunum, her \u015feyden de\u011ferlisi Fenerbah\u00e7e&#8217;yi \u00e7ok seviyorum. Fenerbah\u00e7e benim ailem. \u00c7ocuklar\u0131mdan, anamdan, babamdan, karde\u015flerimden ay\u0131rm\u0131yorum. Fenerbah\u00e7e ma\u00e7\u0131 oldu\u011fu vakit konutta tek ba\u015f\u0131ma oluyorum. Ma\u00e7lar\u0131 bu bi\u00e7imde izliyorum.&#8221;<\/p>\n<\/div>\n<p><\/p>\n","protected":false},"excerpt":{"rendered":"<p>Fenerbah\u00e7e&#8217;nin ma\u00e7lar\u0131yla b\u00fcy\u00fcyen, galibiyetlerde sevinen, yenilgilerde ise \u00fcz\u00fclen Fener Bah\u00e7e, ismi ve soyad\u0131yla da tuttu\u011fu ekiple \u00f6zde\u015fle\u015fti.<\/p>\n","protected":false},"author":1,"featured_media":29180,"comment_status":"open","ping_status":"open","sticky":false,"template":"","format":"standard","meta":{"footnotes":""},"categories":[25],"tags":[2503,115,2502],"class_list":["post-29179","post","type-post","status-publish","format-standard","has-post-thumbnail","hentry","category-futbol","tag-fener-bahce","tag-fenerbahce","tag-ismi"],"_links":{"self":[{"href":"https:\/\/haberbesiktas.tr\/index.php?rest_route=\/wp\/v2\/posts\/29179","targetHints":{"allow":["GET"]}}],"collection":[{"href":"https:\/\/haberbesiktas.tr\/index.php?rest_route=\/wp\/v2\/posts"}],"about":[{"href":"https:\/\/haberbesiktas.tr\/index.php?rest_route=\/wp\/v2\/types\/post"}],"author":[{"embeddable":true,"href":"https:\/\/haberbesiktas.tr\/index.php?rest_route=\/wp\/v2\/users\/1"}],"replies":[{"embeddable":true,"href":"https:\/\/haberbesiktas.tr\/index.php?rest_route=%2Fwp%2Fv2%2Fcomments&post=29179"}],"version-history":[{"count":1,"href":"https:\/\/haberbesiktas.tr\/index.php?rest_route=\/wp\/v2\/posts\/29179\/revisions"}],"predecessor-version":[{"id":29181,"href":"https:\/\/haberbesiktas.tr\/index.php?rest_route=\/wp\/v2\/posts\/29179\/revisions\/29181"}],"wp:featuredmedia":[{"embeddable":true,"href":"https:\/\/haberbesiktas.tr\/index.php?rest_route=\/wp\/v2\/media\/29180"}],"wp:attachment":[{"href":"https:\/\/haberbesiktas.tr\/index.php?rest_route=%2Fwp%2Fv2%2Fmedia&parent=29179"}],"wp:term":[{"taxonomy":"category","embeddable":true,"href":"https:\/\/haberbesiktas.tr\/index.php?rest_route=%2Fwp%2Fv2%2Fcategories&post=29179"},{"taxonomy":"post_tag","embeddable":true,"href":"https:\/\/haberbesiktas.tr\/index.php?rest_route=%2Fwp%2Fv2%2Ftags&post=29179"}],"curies":[{"name":"wp","href":"https:\/\/api.w.org\/{rel}","templated":true}]}}