{"id":2923,"date":"2025-01-12T00:54:40","date_gmt":"2025-01-12T00:54:40","guid":{"rendered":"https:\/\/haberbesiktas.tr\/?p=2923"},"modified":"2025-01-12T00:54:40","modified_gmt":"2025-01-12T00:54:40","slug":"everton-sean-dyche-ile-yollarini-ayirdi","status":"publish","type":"post","link":"https:\/\/haberbesiktas.tr\/?p=2923","title":{"rendered":"Everton, Sean Dyche ile yollar\u0131n\u0131 ay\u0131rd\u0131"},"content":{"rendered":"<div>Premier Lig gruplar\u0131ndan Everton, teknik y\u00f6netici Sean Dyche ile yollar\u0131n\u0131 ay\u0131rd\u0131\u011f\u0131n\u0131 a\u00e7\u0131klad\u0131.<\/p>\n<p>Kul\u00fcpten yap\u0131lan a\u00e7\u0131klamada, kadronun s\u00fcreksiz bir m\u00fcddetle U18 teknik y\u00f6neticisi Leighton Baines ve ekip kaptan\u0131 Seamus Coleman&#8217;\u0131n idaresinde \u00e7al\u0131\u015faca\u011f\u0131 a\u00e7\u0131kland\u0131.<\/p>\n<p>Everton&#8217;\u0131n ba\u015f\u0131nda 83 ma\u00e7a \u00e7\u0131kan Sean Dyche, bu ma\u00e7larda 26 galibiyet, 24 beraberlik ve 33 yenilgi alarak 1.33 puan ortalamas\u0131 yakalad\u0131.\u00a0<\/p>\n<p>Everton Premier Lig&#8217;de 17 puanla 16. s\u0131rada bulunuyor.<\/p>\n<p><strong>JOSE MOURINHO L\u0130STEDE YOK<\/strong><\/p>\n<p>\u00d6te yandan The Athletic&#8217;ten David Ornstein&#8217;\u0131n haberine nazaran; Everton&#8217;\u0131n Fenerbah\u00e7e Teknik Y\u00f6neticisi Jose Mourinho ile bir ilgisi bulunmuyor.<\/p>\n<p>Habere nazaran; J<span>ose Mourinho, Everton&#8217;\u0131n teknik y\u00f6netici adaylar\u0131 ortas\u0131nda yer alm\u0131yor. <\/span><\/div>\n","protected":false},"excerpt":{"rendered":"<p>Premier Lig tak\u0131mlar\u0131ndan Everton, teknik y\u00f6netici Sean Dyche ile yollar\u0131n\u0131 ay\u0131rd\u0131\u011f\u0131n\u0131 a\u00e7\u0131klad\u0131.<\/p>\n","protected":false},"author":1,"featured_media":2924,"comment_status":"open","ping_status":"open","sticky":false,"template":"","format":"standard","meta":{"footnotes":""},"categories":[25],"tags":[358],"class_list":["post-2923","post","type-post","status-publish","format-standard","has-post-thumbnail","hentry","category-futbol","tag-everton"],"_links":{"self":[{"href":"https:\/\/haberbesiktas.tr\/index.php?rest_route=\/wp\/v2\/posts\/2923","targetHints":{"allow":["GET"]}}],"collection":[{"href":"https:\/\/haberbesiktas.tr\/index.php?rest_route=\/wp\/v2\/posts"}],"about":[{"href":"https:\/\/haberbesiktas.tr\/index.php?rest_route=\/wp\/v2\/types\/post"}],"author":[{"embeddable":true,"href":"https:\/\/haberbesiktas.tr\/index.php?rest_route=\/wp\/v2\/users\/1"}],"replies":[{"embeddable":true,"href":"https:\/\/haberbesiktas.tr\/index.php?rest_route=%2Fwp%2Fv2%2Fcomments&post=2923"}],"version-history":[{"count":1,"href":"https:\/\/haberbesiktas.tr\/index.php?rest_route=\/wp\/v2\/posts\/2923\/revisions"}],"predecessor-version":[{"id":2925,"href":"https:\/\/haberbesiktas.tr\/index.php?rest_route=\/wp\/v2\/posts\/2923\/revisions\/2925"}],"wp:featuredmedia":[{"embeddable":true,"href":"https:\/\/haberbesiktas.tr\/index.php?rest_route=\/wp\/v2\/media\/2924"}],"wp:attachment":[{"href":"https:\/\/haberbesiktas.tr\/index.php?rest_route=%2Fwp%2Fv2%2Fmedia&parent=2923"}],"wp:term":[{"taxonomy":"category","embeddable":true,"href":"https:\/\/haberbesiktas.tr\/index.php?rest_route=%2Fwp%2Fv2%2Fcategories&post=2923"},{"taxonomy":"post_tag","embeddable":true,"href":"https:\/\/haberbesiktas.tr\/index.php?rest_route=%2Fwp%2Fv2%2Ftags&post=2923"}],"curies":[{"name":"wp","href":"https:\/\/api.w.org\/{rel}","templated":true}]}}