{"id":2926,"date":"2025-01-12T01:06:41","date_gmt":"2025-01-12T01:06:41","guid":{"rendered":"https:\/\/haberbesiktas.tr\/?p=2926"},"modified":"2025-01-12T01:06:41","modified_gmt":"2025-01-12T01:06:41","slug":"super-ligde-19-haftanin-hakemleri-belli-oldu","status":"publish","type":"post","link":"https:\/\/haberbesiktas.tr\/?p=2926","title":{"rendered":"S\u00fcper Lig&#8217;de 19. haftan\u0131n hakemleri belli oldu"},"content":{"rendered":"<div>Merkez Hakem Kurulu, S\u00fcper Lig&#8217;de 19. haftan\u0131n ma\u00e7lar\u0131n\u0131 y\u00f6netecek hakemleri a\u00e7\u0131klad\u0131.<\/p>\n<p>Be\u015fikta\u015f &#8211; Bodrum FK \/ Mehmet T\u00fcrkmen<br \/>Trabzonspor &#8211; Antalyaspor \/ Cihan Ayd\u0131n<br \/>Ba\u015fak\u015fehir &#8211; Galatasaray \/ Atilla Karao\u011flan<br \/>Konyaspor &#8211; Fenerbah\u00e7e\u00a0 \/ Diren\u00e7 Tonusluo\u011flu<\/p>\n<p><img decoding=\"async\" src=\"https:\/\/haberbesiktas.tr\/wp-content\/uploads\/2025\/01\/super-ligde-19-haftanin-hakemleri-belli-oldu-0-AVCLUmXg.jpg\"\/><\/div>\n","protected":false},"excerpt":{"rendered":"<p>Merkez Hakem Kurulu, S\u00fcper Lig&#8217;de 19. haftan\u0131n ma\u00e7lar\u0131n\u0131 y\u00f6netecek hakemleri a\u00e7\u0131klad\u0131.<\/p>\n","protected":false},"author":1,"featured_media":2927,"comment_status":"open","ping_status":"open","sticky":false,"template":"","format":"standard","meta":{"footnotes":""},"categories":[25],"tags":[],"class_list":["post-2926","post","type-post","status-publish","format-standard","has-post-thumbnail","hentry","category-futbol"],"_links":{"self":[{"href":"https:\/\/haberbesiktas.tr\/index.php?rest_route=\/wp\/v2\/posts\/2926","targetHints":{"allow":["GET"]}}],"collection":[{"href":"https:\/\/haberbesiktas.tr\/index.php?rest_route=\/wp\/v2\/posts"}],"about":[{"href":"https:\/\/haberbesiktas.tr\/index.php?rest_route=\/wp\/v2\/types\/post"}],"author":[{"embeddable":true,"href":"https:\/\/haberbesiktas.tr\/index.php?rest_route=\/wp\/v2\/users\/1"}],"replies":[{"embeddable":true,"href":"https:\/\/haberbesiktas.tr\/index.php?rest_route=%2Fwp%2Fv2%2Fcomments&post=2926"}],"version-history":[{"count":1,"href":"https:\/\/haberbesiktas.tr\/index.php?rest_route=\/wp\/v2\/posts\/2926\/revisions"}],"predecessor-version":[{"id":2929,"href":"https:\/\/haberbesiktas.tr\/index.php?rest_route=\/wp\/v2\/posts\/2926\/revisions\/2929"}],"wp:featuredmedia":[{"embeddable":true,"href":"https:\/\/haberbesiktas.tr\/index.php?rest_route=\/wp\/v2\/media\/2927"}],"wp:attachment":[{"href":"https:\/\/haberbesiktas.tr\/index.php?rest_route=%2Fwp%2Fv2%2Fmedia&parent=2926"}],"wp:term":[{"taxonomy":"category","embeddable":true,"href":"https:\/\/haberbesiktas.tr\/index.php?rest_route=%2Fwp%2Fv2%2Fcategories&post=2926"},{"taxonomy":"post_tag","embeddable":true,"href":"https:\/\/haberbesiktas.tr\/index.php?rest_route=%2Fwp%2Fv2%2Ftags&post=2926"}],"curies":[{"name":"wp","href":"https:\/\/api.w.org\/{rel}","templated":true}]}}