{"id":2930,"date":"2025-01-12T01:18:41","date_gmt":"2025-01-12T01:18:41","guid":{"rendered":"https:\/\/haberbesiktas.tr\/?p=2930"},"modified":"2025-01-12T01:18:41","modified_gmt":"2025-01-12T01:18:41","slug":"jose-mourinho-vazgecmeyecegim","status":"publish","type":"post","link":"https:\/\/haberbesiktas.tr\/?p=2930","title":{"rendered":"Jose Mourinho: &#8220;Vazge\u00e7meyece\u011fim&#8221;"},"content":{"rendered":"<div>Fenerbah\u00e7e Teknik Y\u00f6neticisi Jose Mourinho, Kas\u0131mpa\u015fa ma\u00e7\u0131 \u00f6ncesi a\u00e7\u0131klamalar yapt\u0131.<\/p>\n<p> Jose Mourinho yapt\u0131\u011f\u0131 a\u00e7\u0131klamada, &#8220;Baz\u0131 de\u011fi\u015fiklikler yapaca\u011f\u0131z. Kupa ma\u00e7lar\u0131n\u0131n Bartu\u011f, Yusuf \u00fczere \u00e7ok sevip f\u0131rsat veremedi\u011fimiz oyuncular i\u00e7in bir f\u0131rsat olaca\u011f\u0131n\u0131 biliyorum. Cenk Tosun da birebir formda. Kupaya h\u00fcrmet duymam\u0131z gerekiyor. Kupan\u0131n de\u011fi\u015fik bir format\u0131 var. Bug\u00fcnden ba\u015flayarak puanlar almam\u0131z gerekiyor.&#8221; dedi.<\/p>\n<p> <strong>&#8220;HERKES\u0130N G\u00d6RD\u00dc\u011e\u00dc \u015eEYLER\u0130 KONU\u015eMAKTAN VAZGE\u00c7MEYECE\u011e\u0130M&#8221;<\/strong><\/p>\n<p> TFF&#8217;nin yabanc\u0131 var karar\u0131yla ilgili de konu\u015fan Jose Mourinho, &#8220;Bir tesiri olacak m\u0131 bilmiyorum. \u0130nsanlar\u0131n beni yanl\u0131\u015f anlamas\u0131n\u0131 istemem, T\u00fcrkiye m\u00fckemmel bir \u00fclke. Be\u015ferler futbola \u00e7\u0131lg\u0131ncas\u0131na a\u015f\u0131klar, ben de buray\u0131 daha g\u00fczel hale getirmek istiyorum. Fakat herkesin g\u00f6z\u00fc \u00f6n\u00fcndeki \u015feyleri konu\u015fmaktan da geri durmayaca\u011f\u0131m. Yabanc\u0131 hakemler bu duruma yarar sa\u011flayacak m\u0131 bilmiyorum.&#8221; a\u00e7\u0131klamas\u0131nda bulundu.<\/p>\n<p><strong>&#8220;AD\u0130L YARI\u015e \u0130STER\u0130M&#8221;<\/strong><\/p>\n<p> Mourinho ayr\u0131yeten, &#8220;Kaybetti\u011fim vakitte da daima adil yar\u0131\u015f olmas\u0131n\u0131 dilerim. Adil yar\u0131\u015f olmay\u0131nca bu durum benim can\u0131m\u0131 ac\u0131t\u0131yor. Uzun vadede futbola tutkusu olan insanlar\u0131n da can\u0131n\u0131 ac\u0131tt\u0131\u011f\u0131n\u0131 d\u00fc\u015f\u00fcn\u00fcyorum. Zira bu \u00fclkedeki insanlar\u00a0futbola\u00a0a\u015f\u0131k.&#8221; diye konu\u015ftu.<\/p>\n<\/div>\n","protected":false},"excerpt":{"rendered":"<p>Fenerbah\u00e7e Teknik Y\u00f6neticisi Jose Mourinho, Kas\u0131mpa\u015fa ma\u00e7\u0131 \u00f6ncesi a\u00e7\u0131klamalarda bulundu.<\/p>\n","protected":false},"author":1,"featured_media":2931,"comment_status":"open","ping_status":"open","sticky":false,"template":"","format":"standard","meta":{"footnotes":""},"categories":[25],"tags":[],"class_list":["post-2930","post","type-post","status-publish","format-standard","has-post-thumbnail","hentry","category-futbol"],"_links":{"self":[{"href":"https:\/\/haberbesiktas.tr\/index.php?rest_route=\/wp\/v2\/posts\/2930","targetHints":{"allow":["GET"]}}],"collection":[{"href":"https:\/\/haberbesiktas.tr\/index.php?rest_route=\/wp\/v2\/posts"}],"about":[{"href":"https:\/\/haberbesiktas.tr\/index.php?rest_route=\/wp\/v2\/types\/post"}],"author":[{"embeddable":true,"href":"https:\/\/haberbesiktas.tr\/index.php?rest_route=\/wp\/v2\/users\/1"}],"replies":[{"embeddable":true,"href":"https:\/\/haberbesiktas.tr\/index.php?rest_route=%2Fwp%2Fv2%2Fcomments&post=2930"}],"version-history":[{"count":1,"href":"https:\/\/haberbesiktas.tr\/index.php?rest_route=\/wp\/v2\/posts\/2930\/revisions"}],"predecessor-version":[{"id":2932,"href":"https:\/\/haberbesiktas.tr\/index.php?rest_route=\/wp\/v2\/posts\/2930\/revisions\/2932"}],"wp:featuredmedia":[{"embeddable":true,"href":"https:\/\/haberbesiktas.tr\/index.php?rest_route=\/wp\/v2\/media\/2931"}],"wp:attachment":[{"href":"https:\/\/haberbesiktas.tr\/index.php?rest_route=%2Fwp%2Fv2%2Fmedia&parent=2930"}],"wp:term":[{"taxonomy":"category","embeddable":true,"href":"https:\/\/haberbesiktas.tr\/index.php?rest_route=%2Fwp%2Fv2%2Fcategories&post=2930"},{"taxonomy":"post_tag","embeddable":true,"href":"https:\/\/haberbesiktas.tr\/index.php?rest_route=%2Fwp%2Fv2%2Ftags&post=2930"}],"curies":[{"name":"wp","href":"https:\/\/api.w.org\/{rel}","templated":true}]}}