{"id":2933,"date":"2025-01-12T01:30:42","date_gmt":"2025-01-12T01:30:42","guid":{"rendered":"https:\/\/haberbesiktas.tr\/?p=2933"},"modified":"2025-01-12T01:30:42","modified_gmt":"2025-01-12T01:30:42","slug":"serkan-ozbalta-kazanmak-istiyorduk","status":"publish","type":"post","link":"https:\/\/haberbesiktas.tr\/?p=2933","title":{"rendered":"Serkan \u00d6zbalta: &#8220;Kazanmak istiyorduk&#8221;"},"content":{"rendered":"<div>Ahlatc\u0131 \u00c7orum FK Teknik Y\u00f6neticisi Serkan \u00d6zbalta, T\u00fcrkiye Kupas\u0131 birinci ma\u00e7\u0131nda alanlar\u0131nda Konyaspor&#8217;a 1-0 ma\u011flup olduklar\u0131 ma\u00e7\u0131n akabinde a\u00e7\u0131klamalarda bulundu.<\/p>\n<p>Ahlatc\u0131 \u00c7orum FK Teknik Y\u00f6neticisi Serkan \u00d6zbalta ise kupada her ma\u00e7\u0131 kazanmak i\u00e7in alana \u00e7\u0131kt\u0131klar\u0131n\u0131 belirterek, \u015funlar\u0131 kaydetti:<\/p>\n<p> &#8220;Bug\u00fcn hem alana \u00e7\u0131kt\u0131\u011f\u0131m\u0131z tak\u0131mla, hem de kul\u00fcbemizden sonradan oyuna att\u0131\u011f\u0131m\u0131z arkada\u015flar\u0131m\u0131zla rakibimiz kim olursa olsun kazanmak istiyorduk lakin muvaffak olamad\u0131k. Sevindirici taraf\u0131 bizim i\u00e7in, \u00c7orumspor i\u00e7in ve kul\u00fcb\u00fcm\u00fcz i\u00e7in iki tane 2008 do\u011fumlu 16 ya\u015f\u0131nda Hasan Ege ve Taha \u0130brahim&#8217;i oynatmak oldu. Asl\u0131nda skor ne olursa olsun biz onlar\u0131 90 dakika boyunca oynatacakt\u0131k ve oyundan \u00e7\u0131karmayacakt\u0131k. Erzincanspor ma\u00e7\u0131nda yapt\u0131\u011f\u0131m\u0131z \u00fczere&#8230; Zira kul\u00fcplerin hayatta kalmas\u0131 gerekiyor, mali a\u00e7\u0131dan \u00f6z kaynaklar\u0131na her platformda d\u00f6n\u00fc\u015f yap\u0131lmas\u0131 gerekiyor. \u00dclkede b\u00fct\u00fcn kadrolar\u0131n \u00f6z kaynaklar\u0131na d\u00f6n\u00fc\u015f yapmas\u0131 gerekiyor. Maliyetler deh\u015fetli y\u00fcksek. O a\u00e7\u0131dan kul\u00fcplerin bu bi\u00e7imde k\u0131ymetli oyuncular\u0131 evvel bulup ondan sonra yeti\u015ftirip ondan sonra da rekabet edebilecekleri d\u00fczeye getirip alana atmalar\u0131 gerekiyor. Bu manada ikisi beni 2 ma\u00e7ta da yan\u0131ltmad\u0131, ikisinden de \u00e7ok mutluyum.&#8221;<\/p>\n<\/div>\n","protected":false},"excerpt":{"rendered":"<p>Ahlatc\u0131 \u00c7orum FK Teknik Y\u00f6neticisi Serkan \u00d6zbalta, T\u00fcrkiye Kupas\u0131 birinci ma\u00e7\u0131nda alanlar\u0131nda Konyaspor&#8217;a 1-0 ma\u011flup olduklar\u0131 ma\u00e7\u0131n akabinde konu\u015ftu.<\/p>\n","protected":false},"author":1,"featured_media":2934,"comment_status":"open","ping_status":"open","sticky":false,"template":"","format":"standard","meta":{"footnotes":""},"categories":[25],"tags":[],"class_list":["post-2933","post","type-post","status-publish","format-standard","has-post-thumbnail","hentry","category-futbol"],"_links":{"self":[{"href":"https:\/\/haberbesiktas.tr\/index.php?rest_route=\/wp\/v2\/posts\/2933","targetHints":{"allow":["GET"]}}],"collection":[{"href":"https:\/\/haberbesiktas.tr\/index.php?rest_route=\/wp\/v2\/posts"}],"about":[{"href":"https:\/\/haberbesiktas.tr\/index.php?rest_route=\/wp\/v2\/types\/post"}],"author":[{"embeddable":true,"href":"https:\/\/haberbesiktas.tr\/index.php?rest_route=\/wp\/v2\/users\/1"}],"replies":[{"embeddable":true,"href":"https:\/\/haberbesiktas.tr\/index.php?rest_route=%2Fwp%2Fv2%2Fcomments&post=2933"}],"version-history":[{"count":1,"href":"https:\/\/haberbesiktas.tr\/index.php?rest_route=\/wp\/v2\/posts\/2933\/revisions"}],"predecessor-version":[{"id":2935,"href":"https:\/\/haberbesiktas.tr\/index.php?rest_route=\/wp\/v2\/posts\/2933\/revisions\/2935"}],"wp:featuredmedia":[{"embeddable":true,"href":"https:\/\/haberbesiktas.tr\/index.php?rest_route=\/wp\/v2\/media\/2934"}],"wp:attachment":[{"href":"https:\/\/haberbesiktas.tr\/index.php?rest_route=%2Fwp%2Fv2%2Fmedia&parent=2933"}],"wp:term":[{"taxonomy":"category","embeddable":true,"href":"https:\/\/haberbesiktas.tr\/index.php?rest_route=%2Fwp%2Fv2%2Fcategories&post=2933"},{"taxonomy":"post_tag","embeddable":true,"href":"https:\/\/haberbesiktas.tr\/index.php?rest_route=%2Fwp%2Fv2%2Ftags&post=2933"}],"curies":[{"name":"wp","href":"https:\/\/api.w.org\/{rel}","templated":true}]}}