{"id":2936,"date":"2025-01-12T01:42:42","date_gmt":"2025-01-12T01:42:42","guid":{"rendered":"https:\/\/haberbesiktas.tr\/?p=2936"},"modified":"2025-01-12T01:42:42","modified_gmt":"2025-01-12T01:42:42","slug":"recep-ucar-kupada-gol-yemeden-devam-ediyoruz","status":"publish","type":"post","link":"https:\/\/haberbesiktas.tr\/?p=2936","title":{"rendered":"Recep U\u00e7ar: &#8220;Kupada gol yemeden devam ediyoruz&#8221;"},"content":{"rendered":"<div>Ziraat T\u00fcrkiye Kupas\u0131 C K\u00fcmesi birinci hafta ma\u00e7\u0131nda Ahlatc\u0131 \u00c7orum FK&#8217;y\u0131 deplasmanda 1-0 yenen T\u00dcMOSAN Konyaspor&#8217;un teknik y\u00f6neticisi Recep U\u00e7ar, &#8220;Kupada d\u00f6rd\u00fcnc\u00fc ma\u00e7\u0131m\u0131z, gol yemeden devam ediyoruz.&#8221; dedi.<\/p>\n<p> U\u00e7ar, ma\u00e7\u0131n akabinde d\u00fczenledi\u011fi bas\u0131n toplant\u0131s\u0131nda, kupada gayelerinin oldu\u011funu s\u00f6yledi.<\/p>\n<p> Bu do\u011frultuda haz\u0131rl\u0131klar\u0131n\u0131 yapt\u0131klar\u0131na i\u015faret eden U\u00e7ar, <strong>&#8220;\u00c7\u00fcnk\u00fc Ziraat T\u00fcrkiye Kupas\u0131&#8217;nda ge\u00e7mi\u015fte bu kupay\u0131 kald\u0131ran bir kul\u00fcp olarak bu sene bir final g\u00f6rmek, kupay\u0131 kald\u0131rmak en b\u00fcy\u00fck amac\u0131m\u0131z. \u00c7orum da biz de olumlu futbol oynamay\u0131 \u015fiar edinmi\u015f ekipleriz. Bug\u00fcn de alanda bence iki grup da m\u00fcspet futbol oynayarak ho\u015f i\u015fler yapmaya \u00e7al\u0131\u015ft\u0131. Asl\u0131nda genel olarak oyunun denetimi bizdeydi. Oyunu denetim etti\u011fimiz anlarda, konum \u00fcretti\u011fimiz bilhassa birinci 20. dakikaya kadar \u00f6nemli konumlara girdik ancak maalesef sonu\u00e7land\u0131ramad\u0131k. Genel manada ikinci yar\u0131da da oyunu denetim ettik. Ancak bizim en b\u00fcy\u00fck s\u0131k\u0131nt\u0131m\u0131z ligde de kupada da maalesef ataklar\u0131 tesirli halde sonland\u0131ram\u0131yoruz. Bug\u00fcn de bunun kasvetini vakit zaman ya\u015fad\u0131k.&#8221;<\/strong> tabirini kulland\u0131.<\/p>\n<p> U\u00e7ar, ma\u00e7\u0131n 85. dakikas\u0131nda Kramer ile bulduklar\u0131 golle m\u00fcsabakay\u0131 kazand\u0131klar\u0131n\u0131 hat\u0131rlatarak <strong>&#8220;Kazand\u0131\u011f\u0131m\u0131z i\u00e7in memnunuz. Oyuncular\u0131m\u0131n\u0131 gerek ortaya koyduklar\u0131 gayret gerekse bug\u00fcn alandaki taktiksel disipline riayetlerinden \u00f6t\u00fcr\u00fc y\u00fcrekten kutluyorum. Kupada d\u00f6rd\u00fcnc\u00fc ma\u00e7\u0131m\u0131z, gol yemeden devam ediyoruz. \u0130ki tane daha ma\u00e7\u0131m\u0131z var k\u00fcmede. Umar\u0131m bu ma\u00e7lardan da d\u00fczg\u00fcn sonu\u00e7lar alarak k\u00fcmeden \u00e7\u0131k\u0131p arzulad\u0131\u011f\u0131m\u0131z o finale ula\u015fmak toplulu\u011fumuzun, bizlerin, oyuncular\u0131m\u0131z\u0131n en b\u00fcy\u00fck maksad\u0131.&#8221;<\/strong><\/p>\n<\/div>\n","protected":false},"excerpt":{"rendered":"<p>T\u00dcMOSAN Konyaspor Teknik Y\u00f6neticisi Recep U\u00e7ar, deplasmanda \u00c7orum FK&#8217;yi 1-0 ma\u011flup ettikleri ma\u00e7\u0131n akabinde konu\u015ftu.<\/p>\n","protected":false},"author":1,"featured_media":2937,"comment_status":"open","ping_status":"open","sticky":false,"template":"","format":"standard","meta":{"footnotes":""},"categories":[25],"tags":[],"class_list":["post-2936","post","type-post","status-publish","format-standard","has-post-thumbnail","hentry","category-futbol"],"_links":{"self":[{"href":"https:\/\/haberbesiktas.tr\/index.php?rest_route=\/wp\/v2\/posts\/2936","targetHints":{"allow":["GET"]}}],"collection":[{"href":"https:\/\/haberbesiktas.tr\/index.php?rest_route=\/wp\/v2\/posts"}],"about":[{"href":"https:\/\/haberbesiktas.tr\/index.php?rest_route=\/wp\/v2\/types\/post"}],"author":[{"embeddable":true,"href":"https:\/\/haberbesiktas.tr\/index.php?rest_route=\/wp\/v2\/users\/1"}],"replies":[{"embeddable":true,"href":"https:\/\/haberbesiktas.tr\/index.php?rest_route=%2Fwp%2Fv2%2Fcomments&post=2936"}],"version-history":[{"count":1,"href":"https:\/\/haberbesiktas.tr\/index.php?rest_route=\/wp\/v2\/posts\/2936\/revisions"}],"predecessor-version":[{"id":2938,"href":"https:\/\/haberbesiktas.tr\/index.php?rest_route=\/wp\/v2\/posts\/2936\/revisions\/2938"}],"wp:featuredmedia":[{"embeddable":true,"href":"https:\/\/haberbesiktas.tr\/index.php?rest_route=\/wp\/v2\/media\/2937"}],"wp:attachment":[{"href":"https:\/\/haberbesiktas.tr\/index.php?rest_route=%2Fwp%2Fv2%2Fmedia&parent=2936"}],"wp:term":[{"taxonomy":"category","embeddable":true,"href":"https:\/\/haberbesiktas.tr\/index.php?rest_route=%2Fwp%2Fv2%2Fcategories&post=2936"},{"taxonomy":"post_tag","embeddable":true,"href":"https:\/\/haberbesiktas.tr\/index.php?rest_route=%2Fwp%2Fv2%2Ftags&post=2936"}],"curies":[{"name":"wp","href":"https:\/\/api.w.org\/{rel}","templated":true}]}}