{"id":29372,"date":"2025-05-12T05:48:11","date_gmt":"2025-05-12T05:48:11","guid":{"rendered":"https:\/\/haberbesiktas.tr\/?p=29372"},"modified":"2025-05-12T05:48:11","modified_gmt":"2025-05-12T05:48:11","slug":"alperen-berber-23-yas-alti-avrupa-sampiyonu-oldu","status":"publish","type":"post","link":"https:\/\/haberbesiktas.tr\/?p=29372","title":{"rendered":"Alperen Berber 23 Ya\u015f Alt\u0131 Avrupa \u015eampiyonu oldu!"},"content":{"rendered":"<p>Arnavutluk&#8217;ta devam eden 23 Ya\u015f Alt\u0131 Avrupa G\u00fcre\u015f \u015eampiyonas\u0131&#8217;nda ulusal atlet Alperen Berber, grekoromen tarz 87 kiloda alt\u0131n madalya kazand\u0131.<\/p>\n<p> T\u00fcrkiye G\u00fcre\u015f Federasyonunun a\u00e7\u0131klamas\u0131na nazaran Alperen Berber, ba\u015f\u015fehir Tiran&#8217;daki tertibin alt\u0131nc\u0131 g\u00fcn\u00fcnde, Frans\u0131z Vladimeri Karchaidze ile finalde kar\u015f\u0131la\u015ft\u0131.<\/p>\n<p> Kar\u015f\u0131la\u015fmada 3-1 \u00f6ndeyken rakibini tu\u015fla yenen Alperen, alt\u0131n madalyan\u0131n sahibi oldu.<\/p>\n<p> Ulusal g\u00fcre\u015f\u00e7i, \u00e7eyrek finalde ba\u011f\u0131ms\u0131z sportmen Baskhan Saidov&#8217;u 6-1, yar\u0131 finalde ise Ukraynal\u0131 Ivan Chmyr&#8217;i 4-1 yenmi\u015fti.<\/p>\n<p> Alperen Berber, ge\u00e7en y\u0131l Romanya&#8217;n\u0131n ba\u015f\u015fehri B\u00fckre\u015f&#8217;te b\u00fcy\u00fckler kategorisinde Avrupa \u015fampiyonlu\u011funa ula\u015fm\u0131\u015ft\u0131.<\/p>\n<p> <strong>Cemal Yusuf Bak\u0131r, Avrupa \u00fc\u00e7\u00fcnc\u00fcs\u00fc<\/strong><\/p>\n<p> T\u00fcrkiye&#8217;yi grekoromen tarz 130 kiloda temsil eden Cemal Yusuf Bak\u0131r, \u00fc\u00e7\u00fcnc\u00fcl\u00fck kar\u015f\u0131la\u015fmas\u0131nda \u00c7ek Artur Sarkisjan&#8217;\u0131 8-3 yenerek bronz madalya ald\u0131.<\/p>\n<p> Bronz madalya ma\u00e7\u0131n\u0131 kaybeden ulusal sportmen Mehmet Hanifi Sarp ise grekoromen tarz 55 kiloda be\u015finci oldu.<\/p>\n<p> 23 Ya\u015f Alt\u0131 Avrupa G\u00fcre\u015f \u015eampiyonas\u0131 cuma g\u00fcn\u00fc sona erecek.<\/p>\n","protected":false},"excerpt":{"rendered":"<p>Ulusal g\u00fcre\u015f\u00e7i Alperen Berber&#8217;den 23 Ya\u015f Alt\u0131 Avrupa \u015eampiyonas\u0131&#8217;nda alt\u0131n madalya kazand\u0131.<\/p>\n","protected":false},"author":1,"featured_media":29373,"comment_status":"open","ping_status":"open","sticky":false,"template":"","format":"standard","meta":{"footnotes":""},"categories":[27],"tags":[],"class_list":["post-29372","post","type-post","status-publish","format-standard","has-post-thumbnail","hentry","category-guncel-haberler"],"_links":{"self":[{"href":"https:\/\/haberbesiktas.tr\/index.php?rest_route=\/wp\/v2\/posts\/29372","targetHints":{"allow":["GET"]}}],"collection":[{"href":"https:\/\/haberbesiktas.tr\/index.php?rest_route=\/wp\/v2\/posts"}],"about":[{"href":"https:\/\/haberbesiktas.tr\/index.php?rest_route=\/wp\/v2\/types\/post"}],"author":[{"embeddable":true,"href":"https:\/\/haberbesiktas.tr\/index.php?rest_route=\/wp\/v2\/users\/1"}],"replies":[{"embeddable":true,"href":"https:\/\/haberbesiktas.tr\/index.php?rest_route=%2Fwp%2Fv2%2Fcomments&post=29372"}],"version-history":[{"count":1,"href":"https:\/\/haberbesiktas.tr\/index.php?rest_route=\/wp\/v2\/posts\/29372\/revisions"}],"predecessor-version":[{"id":29374,"href":"https:\/\/haberbesiktas.tr\/index.php?rest_route=\/wp\/v2\/posts\/29372\/revisions\/29374"}],"wp:featuredmedia":[{"embeddable":true,"href":"https:\/\/haberbesiktas.tr\/index.php?rest_route=\/wp\/v2\/media\/29373"}],"wp:attachment":[{"href":"https:\/\/haberbesiktas.tr\/index.php?rest_route=%2Fwp%2Fv2%2Fmedia&parent=29372"}],"wp:term":[{"taxonomy":"category","embeddable":true,"href":"https:\/\/haberbesiktas.tr\/index.php?rest_route=%2Fwp%2Fv2%2Fcategories&post=29372"},{"taxonomy":"post_tag","embeddable":true,"href":"https:\/\/haberbesiktas.tr\/index.php?rest_route=%2Fwp%2Fv2%2Ftags&post=29372"}],"curies":[{"name":"wp","href":"https:\/\/api.w.org\/{rel}","templated":true}]}}