{"id":2942,"date":"2025-01-12T02:06:41","date_gmt":"2025-01-12T02:06:41","guid":{"rendered":"https:\/\/haberbesiktas.tr\/?p=2942"},"modified":"2025-01-12T02:06:41","modified_gmt":"2025-01-12T02:06:41","slug":"galatasarayi-endiselendiren-haber-sara","status":"publish","type":"post","link":"https:\/\/haberbesiktas.tr\/?p=2942","title":{"rendered":"Galatasaray&#8217;\u0131 endi\u015felendiren haber: Sara"},"content":{"rendered":"<div>Galatasaray&#8217;\u0131n Brezilyal\u0131 y\u0131ld\u0131z\u0131 Gabriel Sara, sar\u0131 k\u0131rm\u0131z\u0131l\u0131lar\u0131 endi\u015felendirdi.<\/p>\n<p> HT Spor&#8217;da yer alan habere nazaran; Galatasaray&#8217;\u0131n Brezilyal\u0131 y\u0131ld\u0131z\u0131 Gabriel Sara, \u00f6nlem hedefli bug\u00fcn yap\u0131lan egzersize \u00e7\u0131kmad\u0131.<\/p>\n<p> <strong>BUZ TEDAV\u0130S\u0130 YAPILDI<\/strong><\/p>\n<p> Ba\u015far\u0131l\u0131 oyuncunun g\u00fcn\u00fc buz tedavisi yaparak ge\u00e7irdi\u011fi belirtildi. Cuma g\u00fcn\u00fc son durumuna bak\u0131laca\u011f\u0131 ve gerekli g\u00f6r\u00fclmesi halinde MR&#8217;a girece\u011fi tabir edildi.<\/p>\n<p> Galatasaray, 12 Ocak Pazar g\u00fcn\u00fc deplasmanda Ba\u015fak\u015fehir&#8217;le kar\u015f\u0131 kar\u015f\u0131ya gelecek.\u00a0<\/p>\n<div>\u00a0<\/div>\n<p> \u00a0<\/p>\n<\/div>\n","protected":false},"excerpt":{"rendered":"<p>Galatasaray&#8217;\u0131n Brezilyal\u0131 y\u0131ld\u0131z\u0131 Gabriel Sara, \u00f6nlem maksatl\u0131 bug\u00fcn yap\u0131lan antrenmana \u00e7\u0131kmad\u0131. \u0130\u015fte ayr\u0131nt\u0131lar&#8230;<\/p>\n","protected":false},"author":1,"featured_media":2943,"comment_status":"open","ping_status":"open","sticky":false,"template":"","format":"standard","meta":{"footnotes":""},"categories":[25],"tags":[],"class_list":["post-2942","post","type-post","status-publish","format-standard","has-post-thumbnail","hentry","category-futbol"],"_links":{"self":[{"href":"https:\/\/haberbesiktas.tr\/index.php?rest_route=\/wp\/v2\/posts\/2942","targetHints":{"allow":["GET"]}}],"collection":[{"href":"https:\/\/haberbesiktas.tr\/index.php?rest_route=\/wp\/v2\/posts"}],"about":[{"href":"https:\/\/haberbesiktas.tr\/index.php?rest_route=\/wp\/v2\/types\/post"}],"author":[{"embeddable":true,"href":"https:\/\/haberbesiktas.tr\/index.php?rest_route=\/wp\/v2\/users\/1"}],"replies":[{"embeddable":true,"href":"https:\/\/haberbesiktas.tr\/index.php?rest_route=%2Fwp%2Fv2%2Fcomments&post=2942"}],"version-history":[{"count":1,"href":"https:\/\/haberbesiktas.tr\/index.php?rest_route=\/wp\/v2\/posts\/2942\/revisions"}],"predecessor-version":[{"id":2944,"href":"https:\/\/haberbesiktas.tr\/index.php?rest_route=\/wp\/v2\/posts\/2942\/revisions\/2944"}],"wp:featuredmedia":[{"embeddable":true,"href":"https:\/\/haberbesiktas.tr\/index.php?rest_route=\/wp\/v2\/media\/2943"}],"wp:attachment":[{"href":"https:\/\/haberbesiktas.tr\/index.php?rest_route=%2Fwp%2Fv2%2Fmedia&parent=2942"}],"wp:term":[{"taxonomy":"category","embeddable":true,"href":"https:\/\/haberbesiktas.tr\/index.php?rest_route=%2Fwp%2Fv2%2Fcategories&post=2942"},{"taxonomy":"post_tag","embeddable":true,"href":"https:\/\/haberbesiktas.tr\/index.php?rest_route=%2Fwp%2Fv2%2Ftags&post=2942"}],"curies":[{"name":"wp","href":"https:\/\/api.w.org\/{rel}","templated":true}]}}