{"id":29439,"date":"2025-05-12T09:48:21","date_gmt":"2025-05-12T09:48:21","guid":{"rendered":"https:\/\/haberbesiktas.tr\/?p=29439"},"modified":"2025-05-12T09:48:21","modified_gmt":"2025-05-12T09:48:21","slug":"fenerbahce-penaltilarda-yine-uzgun","status":"publish","type":"post","link":"https:\/\/haberbesiktas.tr\/?p=29439","title":{"rendered":"Fenerbah\u00e7e, penalt\u0131larda yine \u00fczg\u00fcn"},"content":{"rendered":"<div>UEFA Avrupa Ligi Son 16 Tipi&#8217;nde Rangers ile oynad\u0131\u011f\u0131 birinci ma\u00e7tan 3-1&#8217;lik skorla ma\u011flup ayr\u0131lan Fenerbah\u00e7e, ikinci ma\u00e7ta 2-0&#8217;l\u0131k skorla ma\u00e7\u0131 evvel uzatmaya, akabinde da penalt\u0131 vuru\u015flar\u0131na g\u00f6t\u00fcrd\u00fc.\u00a0<\/p>\n<p>Penalt\u0131 vuru\u015flar\u0131nda 3-2&#8217;lik skorla kaybeden Fenerbah\u00e7e, \u00fcst \u00fcste 2 d\u00f6nemde Avrupa&#8217;ya penalt\u0131larla veda etti.\u00a0<\/p>\n<p><strong>OLYMPIAKOS&#8217;A KAR\u015eI DA TIPKI SKOR<\/strong><\/p>\n<p>Ge\u00e7ti\u011fimiz d\u00f6nem UEFA Konferans Ligi&#8217;nde Olympiakos ile \u00e7eyrek finalde e\u015fle\u015fen Sar\u0131-Lacivertliler, 3-2 kaybetti\u011fi birinci ma\u00e7\u0131n akabinde r\u00f6van\u015f ma\u00e7\u0131n\u0131 1-0 kazanm\u0131\u015f ve ma\u00e7\u0131 penalt\u0131lara g\u00f6t\u00fcrm\u00fc\u015ft\u00fc.\u00a0<\/p>\n<p>Fenerbah\u00e7e, penalt\u0131 vuru\u015flar\u0131 sonucunda yeniden 3-2&#8217;lik skorla Avrupa defterini kapatm\u0131\u015ft\u0131.<\/p>\n<p><\/div>\n<p><\/p>\n","protected":false},"excerpt":{"rendered":"<p>Fenerbah\u00e7e, ge\u00e7en d\u00f6nem oldu\u011fu \u00fczere bu d\u00f6nem da Avrupa&#8217;ya penalt\u0131larla veda etti.<\/p>\n","protected":false},"author":1,"featured_media":29440,"comment_status":"open","ping_status":"open","sticky":false,"template":"","format":"standard","meta":{"footnotes":""},"categories":[25],"tags":[303,461],"class_list":["post-29439","post","type-post","status-publish","format-standard","has-post-thumbnail","hentry","category-futbol","tag-penalti","tag-skor"],"_links":{"self":[{"href":"https:\/\/haberbesiktas.tr\/index.php?rest_route=\/wp\/v2\/posts\/29439","targetHints":{"allow":["GET"]}}],"collection":[{"href":"https:\/\/haberbesiktas.tr\/index.php?rest_route=\/wp\/v2\/posts"}],"about":[{"href":"https:\/\/haberbesiktas.tr\/index.php?rest_route=\/wp\/v2\/types\/post"}],"author":[{"embeddable":true,"href":"https:\/\/haberbesiktas.tr\/index.php?rest_route=\/wp\/v2\/users\/1"}],"replies":[{"embeddable":true,"href":"https:\/\/haberbesiktas.tr\/index.php?rest_route=%2Fwp%2Fv2%2Fcomments&post=29439"}],"version-history":[{"count":1,"href":"https:\/\/haberbesiktas.tr\/index.php?rest_route=\/wp\/v2\/posts\/29439\/revisions"}],"predecessor-version":[{"id":29441,"href":"https:\/\/haberbesiktas.tr\/index.php?rest_route=\/wp\/v2\/posts\/29439\/revisions\/29441"}],"wp:featuredmedia":[{"embeddable":true,"href":"https:\/\/haberbesiktas.tr\/index.php?rest_route=\/wp\/v2\/media\/29440"}],"wp:attachment":[{"href":"https:\/\/haberbesiktas.tr\/index.php?rest_route=%2Fwp%2Fv2%2Fmedia&parent=29439"}],"wp:term":[{"taxonomy":"category","embeddable":true,"href":"https:\/\/haberbesiktas.tr\/index.php?rest_route=%2Fwp%2Fv2%2Fcategories&post=29439"},{"taxonomy":"post_tag","embeddable":true,"href":"https:\/\/haberbesiktas.tr\/index.php?rest_route=%2Fwp%2Fv2%2Ftags&post=29439"}],"curies":[{"name":"wp","href":"https:\/\/api.w.org\/{rel}","templated":true}]}}