{"id":29442,"date":"2025-05-12T10:00:16","date_gmt":"2025-05-12T10:00:16","guid":{"rendered":"https:\/\/haberbesiktas.tr\/?p=29442"},"modified":"2025-05-12T10:00:16","modified_gmt":"2025-05-12T10:00:16","slug":"fenerbahceden-avrupa-vedasi-sonrasi-paylasim","status":"publish","type":"post","link":"https:\/\/haberbesiktas.tr\/?p=29442","title":{"rendered":"Fenerbah\u00e7e&#8217;den Avrupa vedas\u0131 sonras\u0131 payla\u015f\u0131m!"},"content":{"rendered":"<div>Fenerbah\u00e7e, UEFA Avrupa Ligi&#8217;nde Rangers&#8217;a penalt\u0131 at\u0131\u015flar\u0131 sonucunda 3-2&#8217;lik skorla ma\u011flup oldu.<\/p>\n<p>Sar\u0131-Lacivertlilerin resmi hesab\u0131, UEFA Avrupa Ligi&#8217;nde penalt\u0131larla Rangers&#8217;a elenmesinin akabinde bir payla\u015f\u0131m yapt\u0131.\u00a0<\/p>\n<p>Payla\u015f\u0131mda \u015fu s\u00f6zler yer ald\u0131:\u00a0<\/p>\n<p><strong>&#8220;Sonuna kadar sava\u015ft\u0131k, olmad\u0131. Her \u015fey i\u00e7in te\u015fekk\u00fcrler \u00e7ocuklar.&#8221;<\/strong><\/div>\n<p><\/p>\n","protected":false},"excerpt":{"rendered":"<p>Fenerbah\u00e7e resmi hesab\u0131, Rangers ma\u00e7\u0131 sonras\u0131 bir payla\u015f\u0131m yapt\u0131.<\/p>\n","protected":false},"author":1,"featured_media":29443,"comment_status":"open","ping_status":"open","sticky":false,"template":"","format":"standard","meta":{"footnotes":""},"categories":[25],"tags":[],"class_list":["post-29442","post","type-post","status-publish","format-standard","has-post-thumbnail","hentry","category-futbol"],"_links":{"self":[{"href":"https:\/\/haberbesiktas.tr\/index.php?rest_route=\/wp\/v2\/posts\/29442","targetHints":{"allow":["GET"]}}],"collection":[{"href":"https:\/\/haberbesiktas.tr\/index.php?rest_route=\/wp\/v2\/posts"}],"about":[{"href":"https:\/\/haberbesiktas.tr\/index.php?rest_route=\/wp\/v2\/types\/post"}],"author":[{"embeddable":true,"href":"https:\/\/haberbesiktas.tr\/index.php?rest_route=\/wp\/v2\/users\/1"}],"replies":[{"embeddable":true,"href":"https:\/\/haberbesiktas.tr\/index.php?rest_route=%2Fwp%2Fv2%2Fcomments&post=29442"}],"version-history":[{"count":1,"href":"https:\/\/haberbesiktas.tr\/index.php?rest_route=\/wp\/v2\/posts\/29442\/revisions"}],"predecessor-version":[{"id":29444,"href":"https:\/\/haberbesiktas.tr\/index.php?rest_route=\/wp\/v2\/posts\/29442\/revisions\/29444"}],"wp:featuredmedia":[{"embeddable":true,"href":"https:\/\/haberbesiktas.tr\/index.php?rest_route=\/wp\/v2\/media\/29443"}],"wp:attachment":[{"href":"https:\/\/haberbesiktas.tr\/index.php?rest_route=%2Fwp%2Fv2%2Fmedia&parent=29442"}],"wp:term":[{"taxonomy":"category","embeddable":true,"href":"https:\/\/haberbesiktas.tr\/index.php?rest_route=%2Fwp%2Fv2%2Fcategories&post=29442"},{"taxonomy":"post_tag","embeddable":true,"href":"https:\/\/haberbesiktas.tr\/index.php?rest_route=%2Fwp%2Fv2%2Ftags&post=29442"}],"curies":[{"name":"wp","href":"https:\/\/api.w.org\/{rel}","templated":true}]}}