{"id":29448,"date":"2025-05-12T10:24:17","date_gmt":"2025-05-12T10:24:17","guid":{"rendered":"https:\/\/haberbesiktas.tr\/?p=29448"},"modified":"2025-05-12T10:24:17","modified_gmt":"2025-05-12T10:24:17","slug":"szymanski-maci-domine-ettik-ama-olmadi","status":"publish","type":"post","link":"https:\/\/haberbesiktas.tr\/?p=29448","title":{"rendered":"Szymanski: &#8220;Ma\u00e7\u0131 domine ettik ama olmad\u0131!&#8221;"},"content":{"rendered":"<div>Fenerbah\u00e7e&#8217;nin orta saha oyuncusu Sebastian Szymanski, Rangers m\u00fcsabakas\u0131n\u0131n akabinde g\u00f6r\u00fc\u015flerini aktard\u0131.<\/p>\n<p> Polonyal\u0131 futbolcu, <strong>&#8220;Futbol bu t\u00fcrl\u00fc bir \u015fey. Temelinde domine ettik 120 dakika boyunca ancak maalesef penalt\u0131larda elendik. Futbol bu t\u00fcrl\u00fc bir \u015fey. B\u00fcy\u00fck bir futbol ortaya koydu\u011fumuzu herkes g\u00f6rm\u00fc\u015ft\u00fcr. Grubumla, taraftarlar\u0131mla gurur duyuyorum. \u0130stedi\u011fimiz \u00fczere olmad\u0131. Kaybettik. Her ne kadar uygun oynasak da kaybettik. Pozitif olmal\u0131y\u0131z. Ligde oynayacak \u00e7ok ma\u00e7\u0131m\u0131z var.&#8221;<\/strong> dedi.<\/p>\n<p> A\u00e7\u0131klamalar\u0131na devam eden Szymanski, <strong>&#8220;Asl\u0131nda birinci dakikadan beri oyunumuzla kendimizi g\u00f6stermek istedik. Buraya kazanmak i\u00e7in gelmi\u015ftik. Bu olmad\u0131. Fenerbah\u00e7e oyuncular\u0131n\u0131n nas\u0131l oldu\u011funu g\u00f6sterdik. Herkesle gurur duyuyorum. Bu futbol&#8230; Penalt\u0131larda da herkes g\u00fc\u00e7l\u00fc bir mantalite ortaya koydu. Grubumla, herkesle, taraftar\u0131m\u0131zla gurur duyuyorum. G\u00fc\u00e7l\u00fc olmam\u0131z, odaklanmam\u0131z gerekiyor. Lige en yeterli bi\u00e7imde odaklanaca\u011f\u0131z.&#8221;<\/strong> kelamlar\u0131n\u0131 sarf etti.<\/p>\n<\/div>\n<p><\/p>\n","protected":false},"excerpt":{"rendered":"<p>Fenerbah\u00e7e formas\u0131 giyen Sebastian Szymanski, Rangers ma\u00e7\u0131n\u0131n akabinde a\u00e7\u0131klamalarda bulundu.<\/p>\n","protected":false},"author":1,"featured_media":29449,"comment_status":"open","ping_status":"open","sticky":false,"template":"","format":"standard","meta":{"footnotes":""},"categories":[25],"tags":[172],"class_list":["post-29448","post","type-post","status-publish","format-standard","has-post-thumbnail","hentry","category-futbol","tag-futbol"],"_links":{"self":[{"href":"https:\/\/haberbesiktas.tr\/index.php?rest_route=\/wp\/v2\/posts\/29448","targetHints":{"allow":["GET"]}}],"collection":[{"href":"https:\/\/haberbesiktas.tr\/index.php?rest_route=\/wp\/v2\/posts"}],"about":[{"href":"https:\/\/haberbesiktas.tr\/index.php?rest_route=\/wp\/v2\/types\/post"}],"author":[{"embeddable":true,"href":"https:\/\/haberbesiktas.tr\/index.php?rest_route=\/wp\/v2\/users\/1"}],"replies":[{"embeddable":true,"href":"https:\/\/haberbesiktas.tr\/index.php?rest_route=%2Fwp%2Fv2%2Fcomments&post=29448"}],"version-history":[{"count":1,"href":"https:\/\/haberbesiktas.tr\/index.php?rest_route=\/wp\/v2\/posts\/29448\/revisions"}],"predecessor-version":[{"id":29450,"href":"https:\/\/haberbesiktas.tr\/index.php?rest_route=\/wp\/v2\/posts\/29448\/revisions\/29450"}],"wp:featuredmedia":[{"embeddable":true,"href":"https:\/\/haberbesiktas.tr\/index.php?rest_route=\/wp\/v2\/media\/29449"}],"wp:attachment":[{"href":"https:\/\/haberbesiktas.tr\/index.php?rest_route=%2Fwp%2Fv2%2Fmedia&parent=29448"}],"wp:term":[{"taxonomy":"category","embeddable":true,"href":"https:\/\/haberbesiktas.tr\/index.php?rest_route=%2Fwp%2Fv2%2Fcategories&post=29448"},{"taxonomy":"post_tag","embeddable":true,"href":"https:\/\/haberbesiktas.tr\/index.php?rest_route=%2Fwp%2Fv2%2Ftags&post=29448"}],"curies":[{"name":"wp","href":"https:\/\/api.w.org\/{rel}","templated":true}]}}