{"id":2948,"date":"2025-01-12T02:24:34","date_gmt":"2025-01-12T02:24:34","guid":{"rendered":"https:\/\/haberbesiktas.tr\/?p=2948"},"modified":"2025-01-12T02:24:34","modified_gmt":"2025-01-12T02:24:34","slug":"milli-kayakci-reyhan-yildirimdan-bronz-madalya","status":"publish","type":"post","link":"https:\/\/haberbesiktas.tr\/?p=2948","title":{"rendered":"Milli kayak\u00e7\u0131 Reyhan Y\u0131ld\u0131r\u0131m&#8217;dan bronz madalya"},"content":{"rendered":"<p>Ulusal kayak\u00e7\u0131 Ceren Reyhan Y\u0131ld\u0131r\u0131m, \u0130talya&#8217;da d\u00fczenlenen Milletleraras\u0131 Alp Disiplini FIS M\u00fcsabakas\u0131&#8217;nda bronz madalyan\u0131n sahibi oldu.<\/p>\n<p> Gen\u00e7lik ve Spor Vilayet M\u00fcd\u00fcrl\u00fc\u011f\u00fcnden yap\u0131lan a\u00e7\u0131klamaya nazaran tertipte T\u00fcrkiye&#8217;yi temsil eden Erzurum TOHM sportmeni Ceren Reyhan Y\u0131ld\u0131r\u0131m, 3. olarak k\u00fcrs\u00fcn\u00fcn 3&#8217;\u00fcnc\u00fc basama\u011f\u0131nda yer ald\u0131.<\/p>\n<p> Gen\u00e7lik ve Spor Vilayet M\u00fcd\u00fcr\u00fc Levent \u00c7akmur, milli atlet Y\u0131ld\u0131r\u0131m&#8217;\u0131 muvaffakiyetinden \u00f6t\u00fcr\u00fc tebrik ederek, &#8220;\u0130n\u015fallah yolun sonu olimpiyat olacak.&#8221; dedi.<\/p>\n","protected":false},"excerpt":{"rendered":"<p>Ulusal kayak\u00e7\u0131 Y\u0131ld\u0131r\u0131m, \u0130talya&#8217;da bronz madalya kazand\u0131.<\/p>\n","protected":false},"author":1,"featured_media":2949,"comment_status":"open","ping_status":"open","sticky":false,"template":"","format":"standard","meta":{"footnotes":""},"categories":[27],"tags":[],"class_list":["post-2948","post","type-post","status-publish","format-standard","has-post-thumbnail","hentry","category-guncel-haberler"],"_links":{"self":[{"href":"https:\/\/haberbesiktas.tr\/index.php?rest_route=\/wp\/v2\/posts\/2948","targetHints":{"allow":["GET"]}}],"collection":[{"href":"https:\/\/haberbesiktas.tr\/index.php?rest_route=\/wp\/v2\/posts"}],"about":[{"href":"https:\/\/haberbesiktas.tr\/index.php?rest_route=\/wp\/v2\/types\/post"}],"author":[{"embeddable":true,"href":"https:\/\/haberbesiktas.tr\/index.php?rest_route=\/wp\/v2\/users\/1"}],"replies":[{"embeddable":true,"href":"https:\/\/haberbesiktas.tr\/index.php?rest_route=%2Fwp%2Fv2%2Fcomments&post=2948"}],"version-history":[{"count":1,"href":"https:\/\/haberbesiktas.tr\/index.php?rest_route=\/wp\/v2\/posts\/2948\/revisions"}],"predecessor-version":[{"id":2950,"href":"https:\/\/haberbesiktas.tr\/index.php?rest_route=\/wp\/v2\/posts\/2948\/revisions\/2950"}],"wp:featuredmedia":[{"embeddable":true,"href":"https:\/\/haberbesiktas.tr\/index.php?rest_route=\/wp\/v2\/media\/2949"}],"wp:attachment":[{"href":"https:\/\/haberbesiktas.tr\/index.php?rest_route=%2Fwp%2Fv2%2Fmedia&parent=2948"}],"wp:term":[{"taxonomy":"category","embeddable":true,"href":"https:\/\/haberbesiktas.tr\/index.php?rest_route=%2Fwp%2Fv2%2Fcategories&post=2948"},{"taxonomy":"post_tag","embeddable":true,"href":"https:\/\/haberbesiktas.tr\/index.php?rest_route=%2Fwp%2Fv2%2Ftags&post=2948"}],"curies":[{"name":"wp","href":"https:\/\/api.w.org\/{rel}","templated":true}]}}