{"id":29556,"date":"2025-05-12T17:12:16","date_gmt":"2025-05-12T17:12:16","guid":{"rendered":"https:\/\/haberbesiktas.tr\/?p=29556"},"modified":"2025-05-12T17:12:16","modified_gmt":"2025-05-12T17:12:16","slug":"solskjaer-besiktas-ust-uste-iki-mac-yenilmez","status":"publish","type":"post","link":"https:\/\/haberbesiktas.tr\/?p=29556","title":{"rendered":"Solskjaer: &#8220;Be\u015fikta\u015f \u00fcst \u00fcste iki ma\u00e7 yenilmez!&#8221;"},"content":{"rendered":"<div>Be\u015fikta\u015f Teknik Y\u00f6neticisi Ole Gunnar Solskjaer, Gaziantep ma\u011flubiyetiyle morali bozulan grubunu T\u00fcmosan Konyaspor ma\u00e7\u0131na motive etmeye \u00e7al\u0131\u015f\u0131yor.<\/p>\n<p> Hafta boyunca grubuna a\u011f\u0131r bir idman program\u0131 haz\u0131rlayan ve taktiksel a\u00e7\u0131dan futbolcular\u0131na y\u00fckleme yapan Norve\u00e7li teknik adam, mental olarak da oyuncular\u0131n\u0131 aya\u011fa kald\u0131rmaya \u00e7al\u0131\u015ft\u0131.<\/p>\n<p><strong>&#8220;BE\u015e\u0130KTA\u015e \u00dcST \u00dcSTE \u0130K\u0130 MA\u00c7 KAYBETMEZ!&#8221;<\/strong><\/p>\n<p> Oyuncular\u0131n\u0131 motive etmeye \u00e7al\u0131\u015fan Solskjaer, &#8220;<strong>Be\u015fikta\u015f \u00e7ok b\u00fcy\u00fck bir kul\u00fcp ve asla iki ma\u00e7 \u00fcst \u00fcste kaybetmez. Tepki vermemiz gerekiyor. Yenilgiyi kimse akl\u0131ndan ge\u00e7irmesin. Aya\u011fa kalkmal\u0131y\u0131z.<\/strong>&#8221; s\u00f6zlerini kulland\u0131.<\/p>\n<p> Norve\u00e7li teknik adam, <strong>&#8220;Milli ortaya Konyaspor&#8217;u yenerek girece\u011fiz ve 3 puan\u0131 alaca\u011f\u0131z, akabinde ulusal ortada Galatasareay derbisine her \u015feyimizle haz\u0131rlanaca\u011f\u0131z ve odaklanaca\u011f\u0131z<\/strong>.&#8221; s\u00f6zlerini kulland\u0131.<\/p>\n<p> <strong>SOLSKJAER \u0130LE 2.17 PUAN ORTALAMASI<\/strong><\/p>\n<p> Be\u015fikta\u015f, Solskjaer ile \u015fu ana kadar \u00e7\u0131kt\u0131\u011f\u0131 6 lig ma\u00e7\u0131nda 4 galibiyet, 1 beraberlik ve 1 yenilgi ald\u0131. Norve\u00e7li, Be\u015fikta\u015f ile 2.17 puan ortalamas\u0131 yakalad\u0131.<\/p>\n<p> Be\u015fikta\u015f, cumartesi ak\u015fam\u0131 20.30&#8217;da T\u00fcmosan Konyaspor ile deplasmanda kar\u015f\u0131la\u015facak.\u00a0<\/p>\n<div>\u00a0<\/div>\n<\/div>\n<p><\/p>\n","protected":false},"excerpt":{"rendered":"<p>Be\u015fikta\u015f&#8217;\u0131n Norve\u00e7li teknik adam\u0131 Solskjaer, Konyaspor deplasman\u0131 \u00f6ncesi oyuncular\u0131yla konu\u015ftu.<\/p>\n","protected":false},"author":1,"featured_media":29557,"comment_status":"open","ping_status":"open","sticky":false,"template":"","format":"standard","meta":{"footnotes":""},"categories":[25],"tags":[71],"class_list":["post-29556","post","type-post","status-publish","format-standard","has-post-thumbnail","hentry","category-futbol","tag-besiktas"],"_links":{"self":[{"href":"https:\/\/haberbesiktas.tr\/index.php?rest_route=\/wp\/v2\/posts\/29556","targetHints":{"allow":["GET"]}}],"collection":[{"href":"https:\/\/haberbesiktas.tr\/index.php?rest_route=\/wp\/v2\/posts"}],"about":[{"href":"https:\/\/haberbesiktas.tr\/index.php?rest_route=\/wp\/v2\/types\/post"}],"author":[{"embeddable":true,"href":"https:\/\/haberbesiktas.tr\/index.php?rest_route=\/wp\/v2\/users\/1"}],"replies":[{"embeddable":true,"href":"https:\/\/haberbesiktas.tr\/index.php?rest_route=%2Fwp%2Fv2%2Fcomments&post=29556"}],"version-history":[{"count":1,"href":"https:\/\/haberbesiktas.tr\/index.php?rest_route=\/wp\/v2\/posts\/29556\/revisions"}],"predecessor-version":[{"id":29558,"href":"https:\/\/haberbesiktas.tr\/index.php?rest_route=\/wp\/v2\/posts\/29556\/revisions\/29558"}],"wp:featuredmedia":[{"embeddable":true,"href":"https:\/\/haberbesiktas.tr\/index.php?rest_route=\/wp\/v2\/media\/29557"}],"wp:attachment":[{"href":"https:\/\/haberbesiktas.tr\/index.php?rest_route=%2Fwp%2Fv2%2Fmedia&parent=29556"}],"wp:term":[{"taxonomy":"category","embeddable":true,"href":"https:\/\/haberbesiktas.tr\/index.php?rest_route=%2Fwp%2Fv2%2Fcategories&post=29556"},{"taxonomy":"post_tag","embeddable":true,"href":"https:\/\/haberbesiktas.tr\/index.php?rest_route=%2Fwp%2Fv2%2Ftags&post=29556"}],"curies":[{"name":"wp","href":"https:\/\/api.w.org\/{rel}","templated":true}]}}