{"id":29559,"date":"2025-05-12T17:24:15","date_gmt":"2025-05-12T17:24:15","guid":{"rendered":"https:\/\/haberbesiktas.tr\/?p=29559"},"modified":"2025-05-12T17:24:15","modified_gmt":"2025-05-12T17:24:15","slug":"demir-egede-opsiyon-cikmazi","status":"publish","type":"post","link":"https:\/\/haberbesiktas.tr\/?p=29559","title":{"rendered":"Demir Ege&#8217;de opsiyon \u00e7\u0131kmaz\u0131"},"content":{"rendered":"<div>Be\u015fikta\u015f&#8217;\u0131n 20 ya\u015f\u0131ndaki orta saha oyuncusu Demir Ege T\u0131knaz, d\u00f6nem ba\u015f\u0131nda Portekiz Ligi tak\u0131mlar\u0131ndan Rio Ave&#8217;ye kiralanm\u0131\u015ft\u0131. Gen\u00e7 orta saha Portekiz&#8217;de g\u00f6sterdi\u011fi ba\u015far\u0131l\u0131 performansla k\u0131sa m\u00fchlet i\u00e7inde g\u00f6ze girmeyi ba\u015fard\u0131.<\/p>\n<p> <strong>&#8220;5 M\u0130LYONLUK MADD\u0130 G\u00dcC\u00dcM\u00dcZ YOK&#8221;<\/strong><\/p>\n<p>Rio Ave idaresi de gen\u00e7 y\u0131ld\u0131z\u0131n bonservisini almak i\u00e7in Be\u015fikta\u015f \u0130daresi ile temasa ge\u00e7ti. Portekiz kul\u00fcb\u00fc, Demir Ege T\u0131knaz&#8217;\u0131n bonservisini almak i\u00e7in Be\u015fikta\u015f ile birinci g\u00f6r\u00fc\u015fmeyi ger\u00e7ekle\u015ftirdi. Rio Ave \u0130daresi, <strong>&#8220;Demir Ege&#8217;yi istiyoruz fakat 5 milyon Euro&#8217;luk sat\u0131n alma opsiyonunu \u00f6deyecek maddi g\u00fcc\u00fcm\u00fcz yok&#8221;<\/strong> dediler.<\/p>\n<p> <strong>&#8220;OPS\u0130YONU BELL\u0130!&#8221;<\/strong><\/p>\n<p>Be\u015fikta\u015f \u0130daresi ise, <strong>&#8220;Opsiyon muhakkak. Kullanmak isterseniz, kullan\u0131n&#8221;<\/strong> cevab\u0131n\u0131 verdi. Siyah-Beyazl\u0131lar, 5 milyon Euro&#8217;luk sat\u0131n alma opsiyonunda indirim yapmak istemiyor. <br \/><strong><br \/>BU D\u00d6NEM NE YAPTI?<\/strong><\/p>\n<p> Bu d\u00f6nem 23 m\u00fcsabakada misyon alan gen\u00e7 yetenek 1 gol atarken 2 de asist yapt\u0131.<\/p>\n<\/div>\n<p><\/p>\n","protected":false},"excerpt":{"rendered":"<p>Rio Ave, 5 milyon Euro&#8217;luk sat\u0131n alma opsiyonunu d\u00fc\u015f\u00fcrmek istiyor. Siyah-Beyazl\u0131lar ise buna yana\u015fm\u0131yor.<\/p>\n","protected":false},"author":1,"featured_media":29560,"comment_status":"open","ping_status":"open","sticky":false,"template":"","format":"standard","meta":{"footnotes":""},"categories":[25],"tags":[],"class_list":["post-29559","post","type-post","status-publish","format-standard","has-post-thumbnail","hentry","category-futbol"],"_links":{"self":[{"href":"https:\/\/haberbesiktas.tr\/index.php?rest_route=\/wp\/v2\/posts\/29559","targetHints":{"allow":["GET"]}}],"collection":[{"href":"https:\/\/haberbesiktas.tr\/index.php?rest_route=\/wp\/v2\/posts"}],"about":[{"href":"https:\/\/haberbesiktas.tr\/index.php?rest_route=\/wp\/v2\/types\/post"}],"author":[{"embeddable":true,"href":"https:\/\/haberbesiktas.tr\/index.php?rest_route=\/wp\/v2\/users\/1"}],"replies":[{"embeddable":true,"href":"https:\/\/haberbesiktas.tr\/index.php?rest_route=%2Fwp%2Fv2%2Fcomments&post=29559"}],"version-history":[{"count":1,"href":"https:\/\/haberbesiktas.tr\/index.php?rest_route=\/wp\/v2\/posts\/29559\/revisions"}],"predecessor-version":[{"id":29561,"href":"https:\/\/haberbesiktas.tr\/index.php?rest_route=\/wp\/v2\/posts\/29559\/revisions\/29561"}],"wp:featuredmedia":[{"embeddable":true,"href":"https:\/\/haberbesiktas.tr\/index.php?rest_route=\/wp\/v2\/media\/29560"}],"wp:attachment":[{"href":"https:\/\/haberbesiktas.tr\/index.php?rest_route=%2Fwp%2Fv2%2Fmedia&parent=29559"}],"wp:term":[{"taxonomy":"category","embeddable":true,"href":"https:\/\/haberbesiktas.tr\/index.php?rest_route=%2Fwp%2Fv2%2Fcategories&post=29559"},{"taxonomy":"post_tag","embeddable":true,"href":"https:\/\/haberbesiktas.tr\/index.php?rest_route=%2Fwp%2Fv2%2Ftags&post=29559"}],"curies":[{"name":"wp","href":"https:\/\/api.w.org\/{rel}","templated":true}]}}