{"id":29562,"date":"2025-05-12T17:36:16","date_gmt":"2025-05-12T17:36:16","guid":{"rendered":"https:\/\/haberbesiktas.tr\/?p=29562"},"modified":"2025-05-12T17:36:16","modified_gmt":"2025-05-12T17:36:16","slug":"solskjaerden-yeni-rafa-silva-plani","status":"publish","type":"post","link":"https:\/\/haberbesiktas.tr\/?p=29562","title":{"rendered":"Solskjaer&#8217;den yeni Rafa Silva plan\u0131"},"content":{"rendered":"<div>Be\u015fikta\u015f Teknik Y\u00f6neticisi Ole Gunnar Solskjaer, Rafa Silva i\u00e7in \u00f6zel bir taktik plan belirledi.<\/p>\n<p> Vakit zaman orta alana gelip oyunu kuran, topu hamleye getirmekle vazifeli olan Rafa Silva, bu nedenle oyun g\u00fcc\u00fcn\u00fc ve kondisyonunu ata\u011fa ta\u015f\u0131makta zorlan\u0131yordu. Bu tespiti yapan Norve\u00e7li teknik adam, Rafa&#8217;y\u0131 Konyaspor ma\u00e7\u0131yla birlikte daha farkl\u0131 rol, talimat ve misyonla alana s\u00fcrecek.<\/p>\n<p> <strong>10 NUMARADAN \u00c7OK ZIMN\u00ce FORVET<\/strong><\/p>\n<p> Rafa Silva art\u0131k bir 10 numaradan daha \u00e7ok, z\u0131mn\u00ee forvet olarak alanda yer alacak.<\/p>\n<p> Portekizli&#8217;nin geri gelmemesi talimat\u0131n\u0131 veren Solskjaer, oyuncusunun atak noktas\u0131nda ve ceza alan\u0131 etraf\u0131nda daha canl\u0131 kalmas\u0131n\u0131 talep etti.<\/p>\n<p> <strong>IMMOBILE&#8217;YE ALTERNAT\u0130F \u00c7\u00d6Z\u00dcM<\/strong><\/p>\n<p> Solskjaer&#8217;in, Immobile&#8217;nin form d\u00fc\u015f\u00fckl\u00fc\u011f\u00fc ve hamlede stoperler ortas\u0131nda zorlanmas\u0131n\u0131 da Rafa&#8217;n\u0131n oralara girmesiyle birlikte \u00e7\u00f6zmeyi planlad\u0131\u011f\u0131 \u00f6\u011frenildi.\u00a0<\/p>\n<div>\u00a0<\/div>\n<\/div>\n<p><\/p>\n","protected":false},"excerpt":{"rendered":"<p>Be\u015fikta\u015f&#8217;\u0131n Norve\u00e7li teknik adam\u0131 Solskjaer, Rafa Silva&#8217;y\u0131 daha verimli kullanmak i\u00e7in yeni bir plan haz\u0131rlad\u0131.<\/p>\n","protected":false},"author":1,"featured_media":29563,"comment_status":"open","ping_status":"open","sticky":false,"template":"","format":"standard","meta":{"footnotes":""},"categories":[25],"tags":[935],"class_list":["post-29562","post","type-post","status-publish","format-standard","has-post-thumbnail","hentry","category-futbol","tag-rafa"],"_links":{"self":[{"href":"https:\/\/haberbesiktas.tr\/index.php?rest_route=\/wp\/v2\/posts\/29562","targetHints":{"allow":["GET"]}}],"collection":[{"href":"https:\/\/haberbesiktas.tr\/index.php?rest_route=\/wp\/v2\/posts"}],"about":[{"href":"https:\/\/haberbesiktas.tr\/index.php?rest_route=\/wp\/v2\/types\/post"}],"author":[{"embeddable":true,"href":"https:\/\/haberbesiktas.tr\/index.php?rest_route=\/wp\/v2\/users\/1"}],"replies":[{"embeddable":true,"href":"https:\/\/haberbesiktas.tr\/index.php?rest_route=%2Fwp%2Fv2%2Fcomments&post=29562"}],"version-history":[{"count":1,"href":"https:\/\/haberbesiktas.tr\/index.php?rest_route=\/wp\/v2\/posts\/29562\/revisions"}],"predecessor-version":[{"id":29564,"href":"https:\/\/haberbesiktas.tr\/index.php?rest_route=\/wp\/v2\/posts\/29562\/revisions\/29564"}],"wp:featuredmedia":[{"embeddable":true,"href":"https:\/\/haberbesiktas.tr\/index.php?rest_route=\/wp\/v2\/media\/29563"}],"wp:attachment":[{"href":"https:\/\/haberbesiktas.tr\/index.php?rest_route=%2Fwp%2Fv2%2Fmedia&parent=29562"}],"wp:term":[{"taxonomy":"category","embeddable":true,"href":"https:\/\/haberbesiktas.tr\/index.php?rest_route=%2Fwp%2Fv2%2Fcategories&post=29562"},{"taxonomy":"post_tag","embeddable":true,"href":"https:\/\/haberbesiktas.tr\/index.php?rest_route=%2Fwp%2Fv2%2Ftags&post=29562"}],"curies":[{"name":"wp","href":"https:\/\/api.w.org\/{rel}","templated":true}]}}